{"id":11170,"date":"2024-05-03T22:14:00","date_gmt":"2024-05-03T20:14:00","guid":{"rendered":"https:\/\/www.drk-schwelm.org\/?p=11170"},"modified":"2024-05-06T09:28:15","modified_gmt":"2024-05-06T07:28:15","slug":"gemeinschaftsversammlung-am-03-05-2024","status":"publish","type":"post","link":"https:\/\/www.drk-schwelm.org\/?p=11170","title":{"rendered":"Gemeinschaftsversammlung am 03.05.2024"},"content":{"rendered":"\n<p>Am heutigen Freitagabend hielt das DRK Schwelm ihre Gemeinschaftsversammlung ab.<\/p>\n\n\n\n<p>Ein gro\u00dfer Dank f\u00fcr seine langj\u00e4hrige Arbeit als Rotkreuzleiter gilt Reinhard K\u00fchl.<\/p>\n\n\n\n<p>Neu gew\u00e4hlt f\u00fcr die Rotkreuzleitung wurden am heutigen Abend:<\/p>\n\n\n\n<p>Als Rotkreuzleitung: Vanessa Kamm und Nils Obersheimer. (li. im Bild)<\/p>\n\n\n\n<p>Als stellvertretende Rotkreuzleitung: Bj\u00f6rn Posner und Till Neumann (zweiter von li.)<\/p>\n\n\n\n<p>Danke f\u00fcr euer Engagement und viel Erfolg in den kommenden Jahren!<\/p>\n\n\n\n<figure class=\"wp-block-image size-large\"><img loading=\"lazy\" decoding=\"async\" width=\"1024\" height=\"819\" src=\"https:\/\/www.drk-schwelm.org\/wp-content\/uploads\/2024\/05\/440790724_966147954846031_6145924618821507058_n-1024x819.jpg\" alt=\"\" class=\"wp-image-11172\" srcset=\"https:\/\/www.drk-schwelm.org\/wp-content\/uploads\/2024\/05\/440790724_966147954846031_6145924618821507058_n-1024x819.jpg 1024w, https:\/\/www.drk-schwelm.org\/wp-content\/uploads\/2024\/05\/440790724_966147954846031_6145924618821507058_n-300x240.jpg 300w, https:\/\/www.drk-schwelm.org\/wp-content\/uploads\/2024\/05\/440790724_966147954846031_6145924618821507058_n-768x614.jpg 768w, https:\/\/www.drk-schwelm.org\/wp-content\/uploads\/2024\/05\/440790724_966147954846031_6145924618821507058_n-100x80.jpg 100w, https:\/\/www.drk-schwelm.org\/wp-content\/uploads\/2024\/05\/440790724_966147954846031_6145924618821507058_n.jpg 1350w\" sizes=\"auto, (max-width: 1024px) 100vw, 1024px\" \/><\/figure>\n","protected":false},"excerpt":{"rendered":"<p>Am heutigen Freitagabend hielt das DRK Schwelm ihre Gemeinschaftsversammlung ab. Ein gro\u00dfer Dank f\u00fcr seine langj\u00e4hrige Arbeit als Rotkreuzleiter gilt<\/p>\n","protected":false},"author":1,"featured_media":11172,"comment_status":"closed","ping_status":"open","sticky":false,"template":"","format":"standard","meta":{"footnotes":""},"categories":[1],"tags":[],"class_list":["post-11170","post","type-post","status-publish","format-standard","has-post-thumbnail","hentry","category-aktuelles","comments-off"],"_links":{"self":[{"href":"https:\/\/www.drk-schwelm.org\/index.php?rest_route=\/wp\/v2\/posts\/11170","targetHints":{"allow":["GET"]}}],"collection":[{"href":"https:\/\/www.drk-schwelm.org\/index.php?rest_route=\/wp\/v2\/posts"}],"about":[{"href":"https:\/\/www.drk-schwelm.org\/index.php?rest_route=\/wp\/v2\/types\/post"}],"author":[{"embeddable":true,"href":"https:\/\/www.drk-schwelm.org\/index.php?rest_route=\/wp\/v2\/users\/1"}],"replies":[{"embeddable":true,"href":"https:\/\/www.drk-schwelm.org\/index.php?rest_route=%2Fwp%2Fv2%2Fcomments&post=11170"}],"version-history":[{"count":3,"href":"https:\/\/www.drk-schwelm.org\/index.php?rest_route=\/wp\/v2\/posts\/11170\/revisions"}],"predecessor-version":[{"id":11174,"href":"https:\/\/www.drk-schwelm.org\/index.php?rest_route=\/wp\/v2\/posts\/11170\/revisions\/11174"}],"wp:featuredmedia":[{"embeddable":true,"href":"https:\/\/www.drk-schwelm.org\/index.php?rest_route=\/wp\/v2\/media\/11172"}],"wp:attachment":[{"href":"https:\/\/www.drk-schwelm.org\/index.php?rest_route=%2Fwp%2Fv2%2Fmedia&parent=11170"}],"wp:term":[{"taxonomy":"category","embeddable":true,"href":"https:\/\/www.drk-schwelm.org\/index.php?rest_route=%2Fwp%2Fv2%2Fcategories&post=11170"},{"taxonomy":"post_tag","embeddable":true,"href":"https:\/\/www.drk-schwelm.org\/index.php?rest_route=%2Fwp%2Fv2%2Ftags&post=11170"}],"curies":[{"name":"wp","href":"https:\/\/api.w.org\/{rel}","templated":true}]}}