{"id":10941,"date":"2022-09-09T22:00:00","date_gmt":"2022-09-09T20:00:00","guid":{"rendered":"https:\/\/www.drk-schwelm.org\/?p=10941"},"modified":"2022-09-12T10:42:09","modified_gmt":"2022-09-12T08:42:09","slug":"sanitaetsdienst-schwelmer-heimatfest-02-09-2022-06-09-2022","status":"publish","type":"post","link":"https:\/\/www.drk-schwelm.org\/?p=10941","title":{"rendered":"Sanit\u00e4tsdienst Schwelmer Heimatfest 02.09.2022-06.09.2022"},"content":{"rendered":"\n<p>Endlich wieder <a href=\"https:\/\/www.facebook.com\/hashtag\/heimatfest?__eep__=6&amp;__cft__[0]=AZUyfXAxNhnJiIIEG2qgtk29MZyM6zAw-APgn-j_bd-cehEI1YVHRN7kWfWHgpp8Jq7Ky29_9a7mZlSJR1cl2cClGAzejyuJbwhj_0Wh8hLd1fPTZuDTdeo4ryzc-f3kpWg&amp;__tn__=*NK-R\">#Heimatfest<\/a>, endlich wieder <a href=\"https:\/\/www.facebook.com\/hashtag\/kirmes?__eep__=6&amp;__cft__[0]=AZUyfXAxNhnJiIIEG2qgtk29MZyM6zAw-APgn-j_bd-cehEI1YVHRN7kWfWHgpp8Jq7Ky29_9a7mZlSJR1cl2cClGAzejyuJbwhj_0Wh8hLd1fPTZuDTdeo4ryzc-f3kpWg&amp;__tn__=*NK-R\">#Kirmes<\/a>, endlich wieder <a href=\"https:\/\/www.facebook.com\/hashtag\/sanit%C3%A4tsdienste?__eep__=6&amp;__cft__[0]=AZUyfXAxNhnJiIIEG2qgtk29MZyM6zAw-APgn-j_bd-cehEI1YVHRN7kWfWHgpp8Jq7Ky29_9a7mZlSJR1cl2cClGAzejyuJbwhj_0Wh8hLd1fPTZuDTdeo4ryzc-f3kpWg&amp;__tn__=*NK-R\">#Sanit\u00e4tsdienste<\/a>!Unter diesem Motto fand f\u00fcr uns in der Zeit vom 02.09.-06.09. endlich wieder unser geliebtesHeimatfest mit seiner Innenstadtkirmes und dem sonnt\u00e4glichen Festumzug der 13 SchwelmerNachbarschaften statt.Ganz traditionell durften wir dieses Jahr sowohl das Volksfest, als auch den Umzug wiedersanit\u00e4tsdienstlich betreuen.<\/p>\n\n\n\n<p>Mit insgesamt 120 ehrenamtlichen Kr\u00e4ften aus 6 verschiedenen Kreis- und Ortsverb\u00e4nden, welche zusammen \u00fcber 1000 Stunden vor Ort waren stemmten wir diesen gro\u00dfartigen Dienst!Traditionell am ersten Septemberwochenende startete das 5-t\u00e4gige <a href=\"https:\/\/www.facebook.com\/hashtag\/heimatfest?__eep__=6&amp;__cft__[0]=AZUyfXAxNhnJiIIEG2qgtk29MZyM6zAw-APgn-j_bd-cehEI1YVHRN7kWfWHgpp8Jq7Ky29_9a7mZlSJR1cl2cClGAzejyuJbwhj_0Wh8hLd1fPTZuDTdeo4ryzc-f3kpWg&amp;__tn__=*NK-R\">#Heimatfest<\/a>. Der OV Schwelm war mit einer Unfallhilfsstelle , einen Krankentransportwagen unserem Einsatzleitwagen sowie rund 20 ehrenamtlichen <a href=\"https:\/\/www.facebook.com\/hashtag\/einsatzkr%C3%A4ften?__eep__=6&amp;__cft__[0]=AZUyfXAxNhnJiIIEG2qgtk29MZyM6zAw-APgn-j_bd-cehEI1YVHRN7kWfWHgpp8Jq7Ky29_9a7mZlSJR1cl2cClGAzejyuJbwhj_0Wh8hLd1fPTZuDTdeo4ryzc-f3kpWg&amp;__tn__=*NK-R\">#Einsatzkr\u00e4ften<\/a> f\u00fcr die vielen Besucher, B\u00fcrgerinnen &amp; B\u00fcrger sowie den Schaustellern Vorort im Dienst. <\/p>\n\n\n\n<p>Wir danken allen ehrenamtlichen eingesetzten Kr\u00e4ften f\u00fcr die Unterst\u00fctzung. Ein gro\u00dfes danke gilt den Kollegen vom <a href=\"https:\/\/www.facebook.com\/drkwattenscheid\/?__cft__[0]=AZUyfXAxNhnJiIIEG2qgtk29MZyM6zAw-APgn-j_bd-cehEI1YVHRN7kWfWHgpp8Jq7Ky29_9a7mZlSJR1cl2cClGAzejyuJbwhj_0Wh8hLd1fPTZuDTdeo4ryzc-f3kpWg&amp;__tn__=kK-R\">Deutsches Rotes Kreuz, Kreisverband Wattenscheid e.V.<\/a>, die uns jeden Tag mit Personal sowie einem Krankentransportwagen unterst\u00fctzt haben. Wir bedanken uns auch f\u00fcr die super <a href=\"https:\/\/www.facebook.com\/hashtag\/zusammenarbeit?__eep__=6&amp;__cft__[0]=AZUyfXAxNhnJiIIEG2qgtk29MZyM6zAw-APgn-j_bd-cehEI1YVHRN7kWfWHgpp8Jq7Ky29_9a7mZlSJR1cl2cClGAzejyuJbwhj_0Wh8hLd1fPTZuDTdeo4ryzc-f3kpWg&amp;__tn__=*NK-R\">#Zusammenarbeit<\/a> mit dem <a href=\"https:\/\/www.facebook.com\/hashtag\/ordnungsamt?__eep__=6&amp;__cft__[0]=AZUyfXAxNhnJiIIEG2qgtk29MZyM6zAw-APgn-j_bd-cehEI1YVHRN7kWfWHgpp8Jq7Ky29_9a7mZlSJR1cl2cClGAzejyuJbwhj_0Wh8hLd1fPTZuDTdeo4ryzc-f3kpWg&amp;__tn__=*NK-R\">#Ordnungsamt<\/a>, der <a href=\"https:\/\/www.facebook.com\/hashtag\/polizei?__eep__=6&amp;__cft__[0]=AZUyfXAxNhnJiIIEG2qgtk29MZyM6zAw-APgn-j_bd-cehEI1YVHRN7kWfWHgpp8Jq7Ky29_9a7mZlSJR1cl2cClGAzejyuJbwhj_0Wh8hLd1fPTZuDTdeo4ryzc-f3kpWg&amp;__tn__=*NK-R\">#Polizei<\/a> sowie der <a href=\"https:\/\/www.facebook.com\/hashtag\/leitstelleen?__eep__=6&amp;__cft__[0]=AZUyfXAxNhnJiIIEG2qgtk29MZyM6zAw-APgn-j_bd-cehEI1YVHRN7kWfWHgpp8Jq7Ky29_9a7mZlSJR1cl2cClGAzejyuJbwhj_0Wh8hLd1fPTZuDTdeo4ryzc-f3kpWg&amp;__tn__=*NK-R\">#LeitstelleEN<\/a>.<\/p>\n\n\n\n<p>Wir sagen DANKE f\u00fcr diesen tollen Sanit\u00e4tsdienst! Bis n\u00e4chstes Jahr.<\/p>\n\n\n\n<p>Euer DRK OV Schwelm<\/p>\n\n\n\n<figure class=\"wp-block-gallery has-nested-images columns-default is-cropped wp-block-gallery-1 is-layout-flex wp-block-gallery-is-layout-flex\">\n<figure class=\"wp-block-image size-large\"><img loading=\"lazy\" decoding=\"async\" width=\"1024\" height=\"768\" data-id=\"10943\" src=\"https:\/\/www.drk-schwelm.org\/wp-content\/uploads\/2022\/09\/305840303_610462307081266_8194112001682338331_n-1024x768.jpg\" alt=\"\" class=\"wp-image-10943\" srcset=\"https:\/\/www.drk-schwelm.org\/wp-content\/uploads\/2022\/09\/305840303_610462307081266_8194112001682338331_n-1024x768.jpg 1024w, https:\/\/www.drk-schwelm.org\/wp-content\/uploads\/2022\/09\/305840303_610462307081266_8194112001682338331_n-300x225.jpg 300w, https:\/\/www.drk-schwelm.org\/wp-content\/uploads\/2022\/09\/305840303_610462307081266_8194112001682338331_n-768x576.jpg 768w, https:\/\/www.drk-schwelm.org\/wp-content\/uploads\/2022\/09\/305840303_610462307081266_8194112001682338331_n-1536x1152.jpg 1536w, https:\/\/www.drk-schwelm.org\/wp-content\/uploads\/2022\/09\/305840303_610462307081266_8194112001682338331_n-600x450.jpg 600w, https:\/\/www.drk-schwelm.org\/wp-content\/uploads\/2022\/09\/305840303_610462307081266_8194112001682338331_n.jpg 2048w\" sizes=\"auto, (max-width: 1024px) 100vw, 1024px\" \/><\/figure>\n\n\n\n<figure class=\"wp-block-image size-large\"><img loading=\"lazy\" decoding=\"async\" width=\"768\" height=\"1024\" data-id=\"10944\" src=\"https:\/\/www.drk-schwelm.org\/wp-content\/uploads\/2022\/09\/306338503_610462253747938_7786886214371207675_n-768x1024.jpg\" alt=\"\" class=\"wp-image-10944\" srcset=\"https:\/\/www.drk-schwelm.org\/wp-content\/uploads\/2022\/09\/306338503_610462253747938_7786886214371207675_n-768x1024.jpg 768w, https:\/\/www.drk-schwelm.org\/wp-content\/uploads\/2022\/09\/306338503_610462253747938_7786886214371207675_n-225x300.jpg 225w, https:\/\/www.drk-schwelm.org\/wp-content\/uploads\/2022\/09\/306338503_610462253747938_7786886214371207675_n-1152x1536.jpg 1152w, https:\/\/www.drk-schwelm.org\/wp-content\/uploads\/2022\/09\/306338503_610462253747938_7786886214371207675_n.jpg 1536w\" sizes=\"auto, (max-width: 768px) 100vw, 768px\" \/><\/figure>\n\n\n\n<figure class=\"wp-block-image size-large\"><img loading=\"lazy\" decoding=\"async\" width=\"768\" height=\"1024\" data-id=\"10945\" src=\"https:\/\/www.drk-schwelm.org\/wp-content\/uploads\/2022\/09\/305968085_610462267081270_2888530787958429859_n-768x1024.jpg\" alt=\"\" class=\"wp-image-10945\" srcset=\"https:\/\/www.drk-schwelm.org\/wp-content\/uploads\/2022\/09\/305968085_610462267081270_2888530787958429859_n-768x1024.jpg 768w, https:\/\/www.drk-schwelm.org\/wp-content\/uploads\/2022\/09\/305968085_610462267081270_2888530787958429859_n-225x300.jpg 225w, https:\/\/www.drk-schwelm.org\/wp-content\/uploads\/2022\/09\/305968085_610462267081270_2888530787958429859_n-1152x1536.jpg 1152w, https:\/\/www.drk-schwelm.org\/wp-content\/uploads\/2022\/09\/305968085_610462267081270_2888530787958429859_n.jpg 1536w\" sizes=\"auto, (max-width: 768px) 100vw, 768px\" \/><\/figure>\n\n\n\n<figure class=\"wp-block-image size-large\"><img loading=\"lazy\" decoding=\"async\" width=\"1024\" height=\"768\" data-id=\"10946\" src=\"https:\/\/www.drk-schwelm.org\/wp-content\/uploads\/2022\/09\/305928394_610462013747962_5797964840474241831_n-1024x768.jpg\" alt=\"\" class=\"wp-image-10946\" srcset=\"https:\/\/www.drk-schwelm.org\/wp-content\/uploads\/2022\/09\/305928394_610462013747962_5797964840474241831_n-1024x768.jpg 1024w, https:\/\/www.drk-schwelm.org\/wp-content\/uploads\/2022\/09\/305928394_610462013747962_5797964840474241831_n-300x225.jpg 300w, https:\/\/www.drk-schwelm.org\/wp-content\/uploads\/2022\/09\/305928394_610462013747962_5797964840474241831_n-768x576.jpg 768w, https:\/\/www.drk-schwelm.org\/wp-content\/uploads\/2022\/09\/305928394_610462013747962_5797964840474241831_n-1536x1152.jpg 1536w, https:\/\/www.drk-schwelm.org\/wp-content\/uploads\/2022\/09\/305928394_610462013747962_5797964840474241831_n-600x450.jpg 600w, https:\/\/www.drk-schwelm.org\/wp-content\/uploads\/2022\/09\/305928394_610462013747962_5797964840474241831_n.jpg 2048w\" sizes=\"auto, (max-width: 1024px) 100vw, 1024px\" \/><\/figure>\n\n\n\n<figure class=\"wp-block-image size-large\"><img loading=\"lazy\" decoding=\"async\" width=\"1024\" height=\"989\" data-id=\"10947\" src=\"https:\/\/www.drk-schwelm.org\/wp-content\/uploads\/2022\/09\/306269511_610462313747932_8435489943307477618_n-1024x989.jpg\" alt=\"\" class=\"wp-image-10947\" srcset=\"https:\/\/www.drk-schwelm.org\/wp-content\/uploads\/2022\/09\/306269511_610462313747932_8435489943307477618_n-1024x989.jpg 1024w, https:\/\/www.drk-schwelm.org\/wp-content\/uploads\/2022\/09\/306269511_610462313747932_8435489943307477618_n-300x290.jpg 300w, https:\/\/www.drk-schwelm.org\/wp-content\/uploads\/2022\/09\/306269511_610462313747932_8435489943307477618_n-768x742.jpg 768w, https:\/\/www.drk-schwelm.org\/wp-content\/uploads\/2022\/09\/306269511_610462313747932_8435489943307477618_n-1536x1484.jpg 1536w, https:\/\/www.drk-schwelm.org\/wp-content\/uploads\/2022\/09\/306269511_610462313747932_8435489943307477618_n.jpg 2048w\" sizes=\"auto, (max-width: 1024px) 100vw, 1024px\" \/><\/figure>\n<\/figure>\n","protected":false},"excerpt":{"rendered":"<p>Endlich wieder #Heimatfest, endlich wieder #Kirmes, endlich wieder #Sanit\u00e4tsdienste!Unter diesem Motto fand f\u00fcr uns in der Zeit vom 02.09.-06.09. endlich<\/p>\n","protected":false},"author":1,"featured_media":10942,"comment_status":"closed","ping_status":"open","sticky":false,"template":"","format":"standard","meta":{"footnotes":""},"categories":[1],"tags":[],"class_list":["post-10941","post","type-post","status-publish","format-standard","has-post-thumbnail","hentry","category-aktuelles","comments-off"],"_links":{"self":[{"href":"https:\/\/www.drk-schwelm.org\/index.php?rest_route=\/wp\/v2\/posts\/10941","targetHints":{"allow":["GET"]}}],"collection":[{"href":"https:\/\/www.drk-schwelm.org\/index.php?rest_route=\/wp\/v2\/posts"}],"about":[{"href":"https:\/\/www.drk-schwelm.org\/index.php?rest_route=\/wp\/v2\/types\/post"}],"author":[{"embeddable":true,"href":"https:\/\/www.drk-schwelm.org\/index.php?rest_route=\/wp\/v2\/users\/1"}],"replies":[{"embeddable":true,"href":"https:\/\/www.drk-schwelm.org\/index.php?rest_route=%2Fwp%2Fv2%2Fcomments&post=10941"}],"version-history":[{"count":1,"href":"https:\/\/www.drk-schwelm.org\/index.php?rest_route=\/wp\/v2\/posts\/10941\/revisions"}],"predecessor-version":[{"id":10948,"href":"https:\/\/www.drk-schwelm.org\/index.php?rest_route=\/wp\/v2\/posts\/10941\/revisions\/10948"}],"wp:featuredmedia":[{"embeddable":true,"href":"https:\/\/www.drk-schwelm.org\/index.php?rest_route=\/wp\/v2\/media\/10942"}],"wp:attachment":[{"href":"https:\/\/www.drk-schwelm.org\/index.php?rest_route=%2Fwp%2Fv2%2Fmedia&parent=10941"}],"wp:term":[{"taxonomy":"category","embeddable":true,"href":"https:\/\/www.drk-schwelm.org\/index.php?rest_route=%2Fwp%2Fv2%2Fcategories&post=10941"},{"taxonomy":"post_tag","embeddable":true,"href":"https:\/\/www.drk-schwelm.org\/index.php?rest_route=%2Fwp%2Fv2%2Ftags&post=10941"}],"curies":[{"name":"wp","href":"https:\/\/api.w.org\/{rel}","templated":true}]}}