{"id":10935,"date":"2022-08-25T22:00:00","date_gmt":"2022-08-25T20:00:00","guid":{"rendered":"https:\/\/www.drk-schwelm.org\/?p=10935"},"modified":"2022-09-12T10:37:02","modified_gmt":"2022-09-12T08:37:02","slug":"brandeinsatz-in-breckerfeld","status":"publish","type":"post","link":"https:\/\/www.drk-schwelm.org\/?p=10935","title":{"rendered":"Brandeinsatz in Breckerfeld"},"content":{"rendered":"\n<p>Um 3:02 Uhr wurde die Betreuungseinheit des DRK Schwelm nach Breckerfeld zu einem ausgedehnten Wohnhausbrand eines Bauernhofes alarmiert. Das Stichwort lautete, Betreuung von bis zu 200 Einsatzkr\u00e4ften. Die Einsatzstelle lag abgelegen und schwer erreichbar in einem l\u00e4ndlichem Gebiet. Das DRK Schwelm sowie das <a href=\"https:\/\/www.facebook.com\/DRK.Ennepetal?__cft__[0]=AZXxaecgqpV7NA8Fqbrsbpb3gUvhpmJvJhd8YHY2PAsqjYVLUl2gKBb6WjtGf4f0dw33u0EU64SHr3y7VyB5nt07j_X2bvyw4tdi_42mASKBHNA9ymyFwgk0z_qljhGvz3VehzJR0IiWPtAgnBOXRkszEVObuRbtZ6OXSII6-WdIeg&amp;__tn__=-]K-R\">DRK Ennepetal<\/a> versorgte die Einsatzkr\u00e4fte mit Getr\u00e4nken und im weiteren Verlauf des Einsatzes mit Fr\u00fchst\u00fcck. Dar\u00fcber hinaus standen unsere Einsatzkr\u00e4fte f\u00fcr die medizinische Absicherung zur Verf\u00fcgung.Das DRK Schwelm r\u00fcckte mit 5 Einsatzkr\u00e4ften sowie unserem Betreuungsgespann aus. Ein gro\u00dfer Dank gilt den Ehrenamtlichen Kollegen. <\/p>\n\n\n\n<p>Euer DRK OV Schwelm<\/p>\n\n\n\n<figure class=\"wp-block-gallery has-nested-images columns-default is-cropped wp-block-gallery-1 is-layout-flex wp-block-gallery-is-layout-flex\">\n<figure class=\"wp-block-image size-large\"><img loading=\"lazy\" decoding=\"async\" width=\"768\" height=\"1024\" data-id=\"10937\" src=\"https:\/\/www.drk-schwelm.org\/wp-content\/uploads\/2022\/09\/301414294_600123851448445_3404640348222026526_n-768x1024.jpg\" alt=\"\" class=\"wp-image-10937\" srcset=\"https:\/\/www.drk-schwelm.org\/wp-content\/uploads\/2022\/09\/301414294_600123851448445_3404640348222026526_n-768x1024.jpg 768w, https:\/\/www.drk-schwelm.org\/wp-content\/uploads\/2022\/09\/301414294_600123851448445_3404640348222026526_n-225x300.jpg 225w, https:\/\/www.drk-schwelm.org\/wp-content\/uploads\/2022\/09\/301414294_600123851448445_3404640348222026526_n-1152x1536.jpg 1152w, https:\/\/www.drk-schwelm.org\/wp-content\/uploads\/2022\/09\/301414294_600123851448445_3404640348222026526_n.jpg 1200w\" sizes=\"auto, (max-width: 768px) 100vw, 768px\" \/><\/figure>\n\n\n\n<figure class=\"wp-block-image size-large\"><img loading=\"lazy\" decoding=\"async\" width=\"768\" height=\"1024\" data-id=\"10938\" src=\"https:\/\/www.drk-schwelm.org\/wp-content\/uploads\/2022\/09\/301394110_600123884781775_1342441160549998871_n-768x1024.jpg\" alt=\"\" class=\"wp-image-10938\" srcset=\"https:\/\/www.drk-schwelm.org\/wp-content\/uploads\/2022\/09\/301394110_600123884781775_1342441160549998871_n-768x1024.jpg 768w, https:\/\/www.drk-schwelm.org\/wp-content\/uploads\/2022\/09\/301394110_600123884781775_1342441160549998871_n-225x300.jpg 225w, https:\/\/www.drk-schwelm.org\/wp-content\/uploads\/2022\/09\/301394110_600123884781775_1342441160549998871_n-1152x1536.jpg 1152w, https:\/\/www.drk-schwelm.org\/wp-content\/uploads\/2022\/09\/301394110_600123884781775_1342441160549998871_n.jpg 1200w\" sizes=\"auto, (max-width: 768px) 100vw, 768px\" \/><\/figure>\n\n\n\n<figure class=\"wp-block-image size-large\"><img loading=\"lazy\" decoding=\"async\" width=\"768\" height=\"1024\" data-id=\"10939\" src=\"https:\/\/www.drk-schwelm.org\/wp-content\/uploads\/2022\/09\/301313761_600123894781774_5834461169868849792_n-768x1024.jpg\" alt=\"\" class=\"wp-image-10939\" srcset=\"https:\/\/www.drk-schwelm.org\/wp-content\/uploads\/2022\/09\/301313761_600123894781774_5834461169868849792_n-768x1024.jpg 768w, https:\/\/www.drk-schwelm.org\/wp-content\/uploads\/2022\/09\/301313761_600123894781774_5834461169868849792_n-225x300.jpg 225w, https:\/\/www.drk-schwelm.org\/wp-content\/uploads\/2022\/09\/301313761_600123894781774_5834461169868849792_n-1152x1536.jpg 1152w, https:\/\/www.drk-schwelm.org\/wp-content\/uploads\/2022\/09\/301313761_600123894781774_5834461169868849792_n.jpg 1200w\" sizes=\"auto, (max-width: 768px) 100vw, 768px\" \/><\/figure>\n<\/figure>\n","protected":false},"excerpt":{"rendered":"<p>Um 3:02 Uhr wurde die Betreuungseinheit des DRK Schwelm nach Breckerfeld zu einem ausgedehnten Wohnhausbrand eines Bauernhofes alarmiert. Das Stichwort<\/p>\n","protected":false},"author":1,"featured_media":10936,"comment_status":"closed","ping_status":"open","sticky":false,"template":"","format":"standard","meta":{"footnotes":""},"categories":[1],"tags":[],"class_list":["post-10935","post","type-post","status-publish","format-standard","has-post-thumbnail","hentry","category-aktuelles","comments-off"],"_links":{"self":[{"href":"https:\/\/www.drk-schwelm.org\/index.php?rest_route=\/wp\/v2\/posts\/10935","targetHints":{"allow":["GET"]}}],"collection":[{"href":"https:\/\/www.drk-schwelm.org\/index.php?rest_route=\/wp\/v2\/posts"}],"about":[{"href":"https:\/\/www.drk-schwelm.org\/index.php?rest_route=\/wp\/v2\/types\/post"}],"author":[{"embeddable":true,"href":"https:\/\/www.drk-schwelm.org\/index.php?rest_route=\/wp\/v2\/users\/1"}],"replies":[{"embeddable":true,"href":"https:\/\/www.drk-schwelm.org\/index.php?rest_route=%2Fwp%2Fv2%2Fcomments&post=10935"}],"version-history":[{"count":1,"href":"https:\/\/www.drk-schwelm.org\/index.php?rest_route=\/wp\/v2\/posts\/10935\/revisions"}],"predecessor-version":[{"id":10940,"href":"https:\/\/www.drk-schwelm.org\/index.php?rest_route=\/wp\/v2\/posts\/10935\/revisions\/10940"}],"wp:featuredmedia":[{"embeddable":true,"href":"https:\/\/www.drk-schwelm.org\/index.php?rest_route=\/wp\/v2\/media\/10936"}],"wp:attachment":[{"href":"https:\/\/www.drk-schwelm.org\/index.php?rest_route=%2Fwp%2Fv2%2Fmedia&parent=10935"}],"wp:term":[{"taxonomy":"category","embeddable":true,"href":"https:\/\/www.drk-schwelm.org\/index.php?rest_route=%2Fwp%2Fv2%2Fcategories&post=10935"},{"taxonomy":"post_tag","embeddable":true,"href":"https:\/\/www.drk-schwelm.org\/index.php?rest_route=%2Fwp%2Fv2%2Ftags&post=10935"}],"curies":[{"name":"wp","href":"https:\/\/api.w.org\/{rel}","templated":true}]}}