{"id":10898,"date":"2020-09-26T10:16:28","date_gmt":"2020-09-26T08:16:28","guid":{"rendered":"https:\/\/www.drk-schwelm.org\/?p=10898"},"modified":"2021-10-15T10:20:12","modified_gmt":"2021-10-15T08:20:12","slug":"sanita%cc%88tsdienst-ferik-beats-bierchen","status":"publish","type":"post","link":"https:\/\/www.drk-schwelm.org\/?p=10898","title":{"rendered":"Sanita\u0308tsdienst: Ferik-Beats &#038; Bierchen"},"content":{"rendered":"\n<p>Heute sind wir vom DRK Schwelm zum ersten mal seit Ausbruch der Corona Pandemie wieder mit der sanit\u00e4tsdienstlichen Absicherung einer Veranstaltung betraut. Beim Ferik Festival feiern in Schwelm fast 300 Leute trotz ung\u00fcnstiger Wetterlage unter freiem Himmel unter Einhaltung der allgemeinen Corona Schutzrichtlinien. Wir freuen uns das wir wieder unserer ehrenamtlichen Arbeit nachgehen und die Veranstaltung begleiten d\u00fcrfen. 3 Kameraden stehen mit unserem Krankenwagen f\u00fcr Notf\u00e4lle jeder Art zur Verf\u00fcgung.<\/p>\n\n\n\n<figure class=\"wp-block-gallery columns-2 is-cropped wp-block-gallery-1 is-layout-flex wp-block-gallery-is-layout-flex\"><ul class=\"blocks-gallery-grid\"><li class=\"blocks-gallery-item\"><figure><img loading=\"lazy\" decoding=\"async\" width=\"960\" height=\"540\" src=\"https:\/\/www.drk-schwelm.org\/wp-content\/uploads\/2021\/10\/120312306_3268501316561580_9201170827704708613_n.jpg\" alt=\"\" data-id=\"10900\" data-full-url=\"https:\/\/www.drk-schwelm.org\/wp-content\/uploads\/2021\/10\/120312306_3268501316561580_9201170827704708613_n.jpg\" data-link=\"https:\/\/www.drk-schwelm.org\/?attachment_id=10900\" class=\"wp-image-10900\" srcset=\"https:\/\/www.drk-schwelm.org\/wp-content\/uploads\/2021\/10\/120312306_3268501316561580_9201170827704708613_n.jpg 960w, https:\/\/www.drk-schwelm.org\/wp-content\/uploads\/2021\/10\/120312306_3268501316561580_9201170827704708613_n-300x169.jpg 300w, https:\/\/www.drk-schwelm.org\/wp-content\/uploads\/2021\/10\/120312306_3268501316561580_9201170827704708613_n-768x432.jpg 768w\" sizes=\"auto, (max-width: 960px) 100vw, 960px\" \/><\/figure><\/li><li class=\"blocks-gallery-item\"><figure><img loading=\"lazy\" decoding=\"async\" width=\"540\" height=\"960\" src=\"https:\/\/www.drk-schwelm.org\/wp-content\/uploads\/2021\/10\/120293303_3268501229894922_2629596181973691054_n.jpg\" alt=\"\" data-id=\"10901\" data-full-url=\"https:\/\/www.drk-schwelm.org\/wp-content\/uploads\/2021\/10\/120293303_3268501229894922_2629596181973691054_n.jpg\" data-link=\"https:\/\/www.drk-schwelm.org\/?attachment_id=10901\" class=\"wp-image-10901\" srcset=\"https:\/\/www.drk-schwelm.org\/wp-content\/uploads\/2021\/10\/120293303_3268501229894922_2629596181973691054_n.jpg 540w, https:\/\/www.drk-schwelm.org\/wp-content\/uploads\/2021\/10\/120293303_3268501229894922_2629596181973691054_n-169x300.jpg 169w\" sizes=\"auto, (max-width: 540px) 100vw, 540px\" \/><\/figure><\/li><\/ul><\/figure>\n","protected":false},"excerpt":{"rendered":"<p>Heute sind wir vom DRK Schwelm zum ersten mal seit Ausbruch der Corona Pandemie wieder mit der sanit\u00e4tsdienstlichen Absicherung einer<\/p>\n","protected":false},"author":1,"featured_media":10899,"comment_status":"closed","ping_status":"open","sticky":false,"template":"","format":"standard","meta":{"footnotes":""},"categories":[1],"tags":[],"class_list":["post-10898","post","type-post","status-publish","format-standard","has-post-thumbnail","hentry","category-aktuelles","comments-off"],"_links":{"self":[{"href":"https:\/\/www.drk-schwelm.org\/index.php?rest_route=\/wp\/v2\/posts\/10898","targetHints":{"allow":["GET"]}}],"collection":[{"href":"https:\/\/www.drk-schwelm.org\/index.php?rest_route=\/wp\/v2\/posts"}],"about":[{"href":"https:\/\/www.drk-schwelm.org\/index.php?rest_route=\/wp\/v2\/types\/post"}],"author":[{"embeddable":true,"href":"https:\/\/www.drk-schwelm.org\/index.php?rest_route=\/wp\/v2\/users\/1"}],"replies":[{"embeddable":true,"href":"https:\/\/www.drk-schwelm.org\/index.php?rest_route=%2Fwp%2Fv2%2Fcomments&post=10898"}],"version-history":[{"count":1,"href":"https:\/\/www.drk-schwelm.org\/index.php?rest_route=\/wp\/v2\/posts\/10898\/revisions"}],"predecessor-version":[{"id":10902,"href":"https:\/\/www.drk-schwelm.org\/index.php?rest_route=\/wp\/v2\/posts\/10898\/revisions\/10902"}],"wp:featuredmedia":[{"embeddable":true,"href":"https:\/\/www.drk-schwelm.org\/index.php?rest_route=\/wp\/v2\/media\/10899"}],"wp:attachment":[{"href":"https:\/\/www.drk-schwelm.org\/index.php?rest_route=%2Fwp%2Fv2%2Fmedia&parent=10898"}],"wp:term":[{"taxonomy":"category","embeddable":true,"href":"https:\/\/www.drk-schwelm.org\/index.php?rest_route=%2Fwp%2Fv2%2Fcategories&post=10898"},{"taxonomy":"post_tag","embeddable":true,"href":"https:\/\/www.drk-schwelm.org\/index.php?rest_route=%2Fwp%2Fv2%2Ftags&post=10898"}],"curies":[{"name":"wp","href":"https:\/\/api.w.org\/{rel}","templated":true}]}}