{"id":10834,"date":"2019-12-14T08:20:00","date_gmt":"2019-12-14T07:20:00","guid":{"rendered":"https:\/\/www.drk-schwelm.org\/?p=10834"},"modified":"2020-09-08T08:21:26","modified_gmt":"2020-09-08T06:21:26","slug":"jahresabschluss","status":"publish","type":"post","link":"https:\/\/www.drk-schwelm.org\/?p=10834","title":{"rendered":"Jahresabschluss"},"content":{"rendered":"\n<p>Gestern Abend endete f\u00fcr uns, der DRK Bereitschaft des OV Schwelm, das Jahr 2019. F\u00fcr unseren letzten Dienstabend haben wir uns etwas besonderes einfallen lassen. Wir trafen uns gestern Abend zum gemeinsamen Jahresabschluss und spielten Lasertag, Bubbleball und Fu\u00dfball. Alle Helfer freuten sich \u00fcber die sch\u00f6ne Abwechslung. Das DRK Schwelm bedankt sich bei allen Helfern f\u00fcr die unz\u00e4hligen ehrenamtlichen Stunden im Rahmen von Ausbildung, Sanit\u00e4tsdiensten&nbsp;sowie Eins\u00e4tzen im Bereich der Gefahrenabwehr im Jahr 2019. Schon jetzt w\u00fcnschen wir besinnliche Feiertage und einen guten \u00dcbergang ins Jahr 2020!<\/p>\n\n\n\n<p>Euer DRK OV Schwelm&nbsp;\ud83d\ude0a\ud83c\udf84\ud83c\udf84<\/p>\n\n\n\n<p>Text: Dominik Wiesner Fotos: Reinhard K\u00fchl, Sascha Klinge<\/p>\n\n\n\n<figure class=\"wp-block-gallery columns-2 is-cropped wp-block-gallery-1 is-layout-flex wp-block-gallery-is-layout-flex\"><ul class=\"blocks-gallery-grid\"><li class=\"blocks-gallery-item\"><figure><img loading=\"lazy\" decoding=\"async\" width=\"960\" height=\"540\" src=\"https:\/\/www.drk-schwelm.org\/wp-content\/uploads\/2020\/09\/79420995_2560631424015243_2664771519174934528_n.jpg\" alt=\"\" data-id=\"10836\" data-full-url=\"https:\/\/www.drk-schwelm.org\/wp-content\/uploads\/2020\/09\/79420995_2560631424015243_2664771519174934528_n.jpg\" data-link=\"https:\/\/www.drk-schwelm.org\/?attachment_id=10836\" class=\"wp-image-10836\" srcset=\"https:\/\/www.drk-schwelm.org\/wp-content\/uploads\/2020\/09\/79420995_2560631424015243_2664771519174934528_n.jpg 960w, https:\/\/www.drk-schwelm.org\/wp-content\/uploads\/2020\/09\/79420995_2560631424015243_2664771519174934528_n-300x169.jpg 300w, https:\/\/www.drk-schwelm.org\/wp-content\/uploads\/2020\/09\/79420995_2560631424015243_2664771519174934528_n-768x432.jpg 768w\" sizes=\"auto, (max-width: 960px) 100vw, 960px\" \/><\/figure><\/li><li class=\"blocks-gallery-item\"><figure><img loading=\"lazy\" decoding=\"async\" width=\"960\" height=\"540\" src=\"https:\/\/www.drk-schwelm.org\/wp-content\/uploads\/2020\/09\/78871405_2560631284015257_6691029310196678656_n.jpg\" alt=\"\" data-id=\"10837\" data-full-url=\"https:\/\/www.drk-schwelm.org\/wp-content\/uploads\/2020\/09\/78871405_2560631284015257_6691029310196678656_n.jpg\" data-link=\"https:\/\/www.drk-schwelm.org\/?attachment_id=10837\" class=\"wp-image-10837\" srcset=\"https:\/\/www.drk-schwelm.org\/wp-content\/uploads\/2020\/09\/78871405_2560631284015257_6691029310196678656_n.jpg 960w, https:\/\/www.drk-schwelm.org\/wp-content\/uploads\/2020\/09\/78871405_2560631284015257_6691029310196678656_n-300x169.jpg 300w, https:\/\/www.drk-schwelm.org\/wp-content\/uploads\/2020\/09\/78871405_2560631284015257_6691029310196678656_n-768x432.jpg 768w\" sizes=\"auto, (max-width: 960px) 100vw, 960px\" \/><\/figure><\/li><\/ul><\/figure>\n","protected":false},"excerpt":{"rendered":"<p>Gestern Abend endete f\u00fcr uns, der DRK Bereitschaft des OV Schwelm, das Jahr 2019. F\u00fcr unseren letzten Dienstabend haben wir<\/p>\n","protected":false},"author":1,"featured_media":10835,"comment_status":"closed","ping_status":"open","sticky":false,"template":"","format":"standard","meta":{"footnotes":""},"categories":[1],"tags":[],"class_list":["post-10834","post","type-post","status-publish","format-standard","has-post-thumbnail","hentry","category-aktuelles","comments-off"],"_links":{"self":[{"href":"https:\/\/www.drk-schwelm.org\/index.php?rest_route=\/wp\/v2\/posts\/10834","targetHints":{"allow":["GET"]}}],"collection":[{"href":"https:\/\/www.drk-schwelm.org\/index.php?rest_route=\/wp\/v2\/posts"}],"about":[{"href":"https:\/\/www.drk-schwelm.org\/index.php?rest_route=\/wp\/v2\/types\/post"}],"author":[{"embeddable":true,"href":"https:\/\/www.drk-schwelm.org\/index.php?rest_route=\/wp\/v2\/users\/1"}],"replies":[{"embeddable":true,"href":"https:\/\/www.drk-schwelm.org\/index.php?rest_route=%2Fwp%2Fv2%2Fcomments&post=10834"}],"version-history":[{"count":1,"href":"https:\/\/www.drk-schwelm.org\/index.php?rest_route=\/wp\/v2\/posts\/10834\/revisions"}],"predecessor-version":[{"id":10838,"href":"https:\/\/www.drk-schwelm.org\/index.php?rest_route=\/wp\/v2\/posts\/10834\/revisions\/10838"}],"wp:featuredmedia":[{"embeddable":true,"href":"https:\/\/www.drk-schwelm.org\/index.php?rest_route=\/wp\/v2\/media\/10835"}],"wp:attachment":[{"href":"https:\/\/www.drk-schwelm.org\/index.php?rest_route=%2Fwp%2Fv2%2Fmedia&parent=10834"}],"wp:term":[{"taxonomy":"category","embeddable":true,"href":"https:\/\/www.drk-schwelm.org\/index.php?rest_route=%2Fwp%2Fv2%2Fcategories&post=10834"},{"taxonomy":"post_tag","embeddable":true,"href":"https:\/\/www.drk-schwelm.org\/index.php?rest_route=%2Fwp%2Fv2%2Ftags&post=10834"}],"curies":[{"name":"wp","href":"https:\/\/api.w.org\/{rel}","templated":true}]}}