{"id":10818,"date":"2020-09-06T08:05:00","date_gmt":"2020-09-06T06:05:00","guid":{"rendered":"https:\/\/www.drk-schwelm.org\/?p=10818"},"modified":"2020-09-08T08:08:08","modified_gmt":"2020-09-08T06:08:08","slug":"heimatfestumzug-2020-06-09-2020","status":"publish","type":"post","link":"https:\/\/www.drk-schwelm.org\/?p=10818","title":{"rendered":"Heimatfestumzug 2020"},"content":{"rendered":"\n<p>Unter normalen Umst\u00e4nden bef\u00e4nden wir uns derzeit in unserem gr\u00f6\u00dften Sanit\u00e4tsdienst des Jahres, dem Schwelmer Heimatfestumzug. Dieses Jahr ist jedoch alles anders. Dies ist auch der Grund, weshalb auf diesem Profil lange nichts mehr passiert ist. Die letzen Monate waren auch bei uns durch die Corona Pandemie gepr\u00e4gt. Wir waren gezwungen unsere eigenen Arbeitsabl\u00e4ufe in allen haupt- und ehrenamtlichen Bereichen umzustellen. Wir waren h\u00e4ufig ehrenamtlich im Auftrag des Ennepe-Ruhr-Kreises im Einsatz. Wir unterst\u00fctzen ehrenamtlich die station\u00e4re Abstrichstation am Kreishaus sowie die Abstricheentnahme in Alten- und Pflegeheimen im Kreisgebiet. Im hauptamtlich betriebenen Rettungsdienst waren wir gezwungen unsere Abl\u00e4ufe an die momentane Situation anzupassen. Unter all diesen Umst\u00e4nden, kam die Onlinepr\u00e4senz daher leider etwas zu kurz.<br><br>Den heutigen Tag m\u00f6chten wir jedoch nutzen, um dies wieder zu \u00e4ndern und darauf zu blicken was, unter anderen Umst\u00e4nden, heute unser Auftrag w\u00e4re.<br>13.00 Uhr: Im gesamten Stadtgebiet ert\u00f6nen die Sirenen und der traditionelle Heimatfestumzug der 13 Schwelmer Nachbarschaften beginnt. Diesen sichern wir gemeinsam mit den Kollegen der Feuerwehr Schwelm, dem Technischen Hilfswerk Schwelm sowie der Polizei. Besonders hervorzuheben ist hier die seit Jahren bestehenden tatkr\u00e4ftige Unterst\u00fctzung der Kameraden der umliegenden DRK Ortsvereine.<br><br>Wir freuen uns darauf, wenn im n\u00e4chsten Jahr hoffentlich wieder Normalit\u00e4t einkehren konnte, wieder ein Teil des Schwelmer Heimatfestes und des dazugeh\u00f6rigen Heimatfestumzuges sein zu d\u00fcrfen.<br><br>Au\u00dferdem m\u00f6chten wir die Gelegenheit nutzen und uns bei allen haupt- und ehrenamtlichen Kameraden unseres Ortsvereines f\u00fcr die Arbeit der letzen Monate bedanken!<br><br>Bis dahin!<br><br>Ihr\/ Euer DRK OV Schwelm<br><br>Text: Dominik Wiesner<\/p>\n","protected":false},"excerpt":{"rendered":"<p>Unter normalen Umst\u00e4nden bef\u00e4nden wir uns derzeit in unserem gr\u00f6\u00dften Sanit\u00e4tsdienst des Jahres, dem Schwelmer Heimatfestumzug. Dieses Jahr ist jedoch<\/p>\n","protected":false},"author":1,"featured_media":10819,"comment_status":"closed","ping_status":"open","sticky":false,"template":"","format":"standard","meta":{"footnotes":""},"categories":[1],"tags":[],"class_list":["post-10818","post","type-post","status-publish","format-standard","has-post-thumbnail","hentry","category-aktuelles","comments-off"],"_links":{"self":[{"href":"https:\/\/www.drk-schwelm.org\/index.php?rest_route=\/wp\/v2\/posts\/10818","targetHints":{"allow":["GET"]}}],"collection":[{"href":"https:\/\/www.drk-schwelm.org\/index.php?rest_route=\/wp\/v2\/posts"}],"about":[{"href":"https:\/\/www.drk-schwelm.org\/index.php?rest_route=\/wp\/v2\/types\/post"}],"author":[{"embeddable":true,"href":"https:\/\/www.drk-schwelm.org\/index.php?rest_route=\/wp\/v2\/users\/1"}],"replies":[{"embeddable":true,"href":"https:\/\/www.drk-schwelm.org\/index.php?rest_route=%2Fwp%2Fv2%2Fcomments&post=10818"}],"version-history":[{"count":2,"href":"https:\/\/www.drk-schwelm.org\/index.php?rest_route=\/wp\/v2\/posts\/10818\/revisions"}],"predecessor-version":[{"id":10821,"href":"https:\/\/www.drk-schwelm.org\/index.php?rest_route=\/wp\/v2\/posts\/10818\/revisions\/10821"}],"wp:featuredmedia":[{"embeddable":true,"href":"https:\/\/www.drk-schwelm.org\/index.php?rest_route=\/wp\/v2\/media\/10819"}],"wp:attachment":[{"href":"https:\/\/www.drk-schwelm.org\/index.php?rest_route=%2Fwp%2Fv2%2Fmedia&parent=10818"}],"wp:term":[{"taxonomy":"category","embeddable":true,"href":"https:\/\/www.drk-schwelm.org\/index.php?rest_route=%2Fwp%2Fv2%2Fcategories&post=10818"},{"taxonomy":"post_tag","embeddable":true,"href":"https:\/\/www.drk-schwelm.org\/index.php?rest_route=%2Fwp%2Fv2%2Ftags&post=10818"}],"curies":[{"name":"wp","href":"https:\/\/api.w.org\/{rel}","templated":true}]}}