{"id":10631,"date":"2019-11-19T09:33:09","date_gmt":"2019-11-19T08:33:09","guid":{"rendered":"http:\/\/www.drk-schwelm.org\/?p=10631"},"modified":"2019-11-19T09:33:23","modified_gmt":"2019-11-19T08:33:23","slug":"einsatz-betreuung-500-manv-ii-02-11-2019","status":"publish","type":"post","link":"https:\/\/www.drk-schwelm.org\/?p=10631","title":{"rendered":"Einsatz: Betreuung 500 + MANV II 02.11.2019"},"content":{"rendered":"\n<p>Am Abend des 02.11. wurden wir gegen 21.30 Uhr durch die Leitstelle des Ennepe Ruhr Kreises nach Hattingen alarmiert. In einem Erlebnisclub hatten bei einem Einsatz des Regelrettungsdienstes die mitgef\u00fchrten Kohlenmonoxid Warnmelder ausgel\u00f6st. Sofort Bestand der Verdacht, dass die Beschwerden des Patienten auf eine Co Vergiftung zur\u00fcckzuf\u00fchren waren.<\/p>\n\n\n\n<p>Sofort wurde durch die Leitstelle reagiert und weitere Kr\u00e4fte alarmiert. Da der Erlebnisclub zu dieser Zeit sehr gut besucht war, musste mit einer gro\u00dfen Anzahl von Verletzten und unverletzten aber vom Ereignis betroffenen ausgegangen werden. Das DRK Schwelm wurde, ebenso wie die anderen DRK Ortsvereine des Kreisverband Ennepe Ruhr, der DRK Kreisverband Witten sowie der ASB Witten, unter dem Einsatzstichwort Betreuung 500 + MANV II alarmiert.<\/p>\n\n\n\n<p>Kurze Zeit nach der Alarmierung r\u00fcckten wir mit unserem Ger\u00e4tewagen Sanit\u00e4tsdienst sowie unserem Betreuungsgespann nach Hattingen aus. Dort errichteten wir gemeinsam mit den anderen Hilfsorganisationen, den Feuerwehren, den Rettungsdiensten des Ennepe Ruhr Kreises sowie \u00fcber\u00f6rtlichen Kr\u00e4ften Strukturen, um die Betroffenen koordiniert zu erfassen, zu Betreuen, mit Decken zu Versorgen und bei gesundheitlichen Beschwerden ggf. ins Krankenhaus zu verbringen.<br>Hierf\u00fcr wurden mehrere Betreuungszelte, eine Getr\u00e4nkeausgabe sowie eine Ausgangsregistrierung aufgebaut und betrieben. Nachdem alle Betroffenen versorgt und registriert waren, wurden diese strukturiert nach Hause entlassen und die Einsatzstelle zur\u00fcck gebaut.<\/p>\n\n\n\n<p>Das DRK Schwelm war mit 11 Einsatzkr\u00e4ften im Einsatz (4 GW San, 5 Betreuungsgespann, 2 in Bereitschaft an der Wache).<\/p>\n\n\n\n<p>Wir bedanken uns f\u00fcr die gute Zusammenarbeit bei den Kollegen der miteingesetzen Hilfsorganisationen, der Feuerwehren, der Polizei sowie den Kr\u00e4ften des Rettungsdienstes.<\/p>\n\n\n\n<p>Sch\u00f6nes Restwochenende<\/p>\n\n\n\n<p>Euer DRK OV Schwelm\ud83d\ude0a<\/p>\n\n\n\n<p>Text: Dominik Wiesner<br>Fotos: Marc Friedrich<\/p>\n\n\n\n<ul class=\"wp-block-gallery columns-3 is-cropped wp-block-gallery-1 is-layout-flex wp-block-gallery-is-layout-flex\"><li class=\"blocks-gallery-item\"><figure><img loading=\"lazy\" decoding=\"async\" width=\"960\" height=\"720\" src=\"http:\/\/www.drk-schwelm.org\/wp-content\/uploads\/2019\/11\/76890250_2470452956366424_7929353147108032512_n.jpg\" alt=\"\" data-id=\"10633\" data-link=\"http:\/\/www.drk-schwelm.org\/?attachment_id=10633\" class=\"wp-image-10633\" srcset=\"https:\/\/www.drk-schwelm.org\/wp-content\/uploads\/2019\/11\/76890250_2470452956366424_7929353147108032512_n.jpg 960w, https:\/\/www.drk-schwelm.org\/wp-content\/uploads\/2019\/11\/76890250_2470452956366424_7929353147108032512_n-300x225.jpg 300w, https:\/\/www.drk-schwelm.org\/wp-content\/uploads\/2019\/11\/76890250_2470452956366424_7929353147108032512_n-768x576.jpg 768w, https:\/\/www.drk-schwelm.org\/wp-content\/uploads\/2019\/11\/76890250_2470452956366424_7929353147108032512_n-600x450.jpg 600w\" sizes=\"auto, (max-width: 960px) 100vw, 960px\" \/><\/figure><\/li><li class=\"blocks-gallery-item\"><figure><img loading=\"lazy\" decoding=\"async\" width=\"960\" height=\"720\" src=\"http:\/\/www.drk-schwelm.org\/wp-content\/uploads\/2019\/11\/75299772_2470452859699767_7911415087347269632_n.jpg\" alt=\"\" data-id=\"10634\" data-link=\"http:\/\/www.drk-schwelm.org\/?attachment_id=10634\" class=\"wp-image-10634\" srcset=\"https:\/\/www.drk-schwelm.org\/wp-content\/uploads\/2019\/11\/75299772_2470452859699767_7911415087347269632_n.jpg 960w, https:\/\/www.drk-schwelm.org\/wp-content\/uploads\/2019\/11\/75299772_2470452859699767_7911415087347269632_n-300x225.jpg 300w, https:\/\/www.drk-schwelm.org\/wp-content\/uploads\/2019\/11\/75299772_2470452859699767_7911415087347269632_n-768x576.jpg 768w, https:\/\/www.drk-schwelm.org\/wp-content\/uploads\/2019\/11\/75299772_2470452859699767_7911415087347269632_n-600x450.jpg 600w\" sizes=\"auto, (max-width: 960px) 100vw, 960px\" \/><\/figure><\/li><li class=\"blocks-gallery-item\"><figure><img loading=\"lazy\" decoding=\"async\" width=\"960\" height=\"720\" src=\"http:\/\/www.drk-schwelm.org\/wp-content\/uploads\/2019\/11\/73054960_2470452286366491_324079085191954432_n.jpg\" alt=\"\" data-id=\"10635\" data-link=\"http:\/\/www.drk-schwelm.org\/?attachment_id=10635\" class=\"wp-image-10635\" srcset=\"https:\/\/www.drk-schwelm.org\/wp-content\/uploads\/2019\/11\/73054960_2470452286366491_324079085191954432_n.jpg 960w, https:\/\/www.drk-schwelm.org\/wp-content\/uploads\/2019\/11\/73054960_2470452286366491_324079085191954432_n-300x225.jpg 300w, https:\/\/www.drk-schwelm.org\/wp-content\/uploads\/2019\/11\/73054960_2470452286366491_324079085191954432_n-768x576.jpg 768w, https:\/\/www.drk-schwelm.org\/wp-content\/uploads\/2019\/11\/73054960_2470452286366491_324079085191954432_n-600x450.jpg 600w\" sizes=\"auto, (max-width: 960px) 100vw, 960px\" \/><\/figure><\/li><\/ul>\n","protected":false},"excerpt":{"rendered":"<p>Am Abend des 02.11. wurden wir gegen 21.30 Uhr durch die Leitstelle des Ennepe Ruhr Kreises nach Hattingen alarmiert. In<\/p>\n","protected":false},"author":1,"featured_media":10632,"comment_status":"closed","ping_status":"open","sticky":false,"template":"","format":"standard","meta":{"footnotes":""},"categories":[1],"tags":[],"class_list":["post-10631","post","type-post","status-publish","format-standard","has-post-thumbnail","hentry","category-aktuelles","comments-off"],"_links":{"self":[{"href":"https:\/\/www.drk-schwelm.org\/index.php?rest_route=\/wp\/v2\/posts\/10631","targetHints":{"allow":["GET"]}}],"collection":[{"href":"https:\/\/www.drk-schwelm.org\/index.php?rest_route=\/wp\/v2\/posts"}],"about":[{"href":"https:\/\/www.drk-schwelm.org\/index.php?rest_route=\/wp\/v2\/types\/post"}],"author":[{"embeddable":true,"href":"https:\/\/www.drk-schwelm.org\/index.php?rest_route=\/wp\/v2\/users\/1"}],"replies":[{"embeddable":true,"href":"https:\/\/www.drk-schwelm.org\/index.php?rest_route=%2Fwp%2Fv2%2Fcomments&post=10631"}],"version-history":[{"count":2,"href":"https:\/\/www.drk-schwelm.org\/index.php?rest_route=\/wp\/v2\/posts\/10631\/revisions"}],"predecessor-version":[{"id":10637,"href":"https:\/\/www.drk-schwelm.org\/index.php?rest_route=\/wp\/v2\/posts\/10631\/revisions\/10637"}],"wp:featuredmedia":[{"embeddable":true,"href":"https:\/\/www.drk-schwelm.org\/index.php?rest_route=\/wp\/v2\/media\/10632"}],"wp:attachment":[{"href":"https:\/\/www.drk-schwelm.org\/index.php?rest_route=%2Fwp%2Fv2%2Fmedia&parent=10631"}],"wp:term":[{"taxonomy":"category","embeddable":true,"href":"https:\/\/www.drk-schwelm.org\/index.php?rest_route=%2Fwp%2Fv2%2Fcategories&post=10631"},{"taxonomy":"post_tag","embeddable":true,"href":"https:\/\/www.drk-schwelm.org\/index.php?rest_route=%2Fwp%2Fv2%2Ftags&post=10631"}],"curies":[{"name":"wp","href":"https:\/\/api.w.org\/{rel}","templated":true}]}}