{"id":10614,"date":"2019-11-19T09:20:15","date_gmt":"2019-11-19T08:20:15","guid":{"rendered":"http:\/\/www.drk-schwelm.org\/?p=10614"},"modified":"2019-11-19T09:25:19","modified_gmt":"2019-11-19T08:25:19","slug":"uebungsdienst-der-besonderen-art-12-10-2019","status":"publish","type":"post","link":"https:\/\/www.drk-schwelm.org\/?p=10614","title":{"rendered":"\u00dcbungsdienst der besonderen Art 12.10.2019"},"content":{"rendered":"\n<p>Seit einigen Wochen kursieren Bilder der sogenannten&nbsp;<a href=\"https:\/\/www.facebook.com\/hashtag\/tetrischallenge?source=feed_text&amp;epa=HASHTAG&amp;__xts__%5B0%5D=68.ARBhPN9zDd4KTpxCZftniZEiGisKj3Sw9E67w8E6_0OobhroA_JAAPEOrVs5AQ_56A6v_vjCInKHkCl-mZ4JgDafgxmvtqkl3cf_rrt57nPnZEMFpn7Uh6Xzj40IiT-_GsZ8PoxyGBX8zh0PHaDz887ILQL8DL4E7w9fA05L8VBOzsXQ_ngr5DVXbA2TGnAqZbeZs3ms6sYHdrkdmj0FKnZLNbmDWL6D13DDsscB-rgHCStOQ_QgN9QC1kaZfiVF19ohoKS7TQxP75VrBu95EhmbE2jstkSGI99fzoLZbIB48RX9xWN_fc14op2lP35HacCUC1iiNEPL33KNivOM50lSgA&amp;__tn__=%2ANK-R\">#tetrischallenge<\/a>&nbsp;im Internet. Diverse Feuerwehren, Hilfsorganisationen sowie Polizeieinheiten r\u00e4umen ihre Einsatzfahrzeuge aus und reihen das Material ordentlich aneinander.<br>Da die \u00dcberpr\u00fcfung des Materials unser Fahrzeuge der Einsatzeinheit so oder so anstand, nutzten wir die Gelegenheit, um unsere neuen Kameraden mit den Fahrzeugen vertraut zu machen, sowie unseren Teil zur #tetrischallenge beizutragen. Auf den Bildern seht ihr den GW San sowie das Betreuungsgespann der Einsatzeinheit NRW EN 02 mitsamt Material und Besatzung.<br>Da die Challenge von Nominierungen lebt und wir uns schon reingemogelt haben, m\u00f6chten wir gerne unsere Kameraden und Nachbarn vom&nbsp;<a href=\"https:\/\/www.facebook.com\/DRK.Ennepetal\/?__tn__=K-R&amp;eid=ARAnIivi5uSQfjYp-vFV1r33pA6vbTQzWpLoQwX5E_BsR8YxAVRo1PbQDzJHAtwV9F7hQfYt_olQsReK&amp;fref=mentions&amp;__xts__%5B0%5D=68.ARBhPN9zDd4KTpxCZftniZEiGisKj3Sw9E67w8E6_0OobhroA_JAAPEOrVs5AQ_56A6v_vjCInKHkCl-mZ4JgDafgxmvtqkl3cf_rrt57nPnZEMFpn7Uh6Xzj40IiT-_GsZ8PoxyGBX8zh0PHaDz887ILQL8DL4E7w9fA05L8VBOzsXQ_ngr5DVXbA2TGnAqZbeZs3ms6sYHdrkdmj0FKnZLNbmDWL6D13DDsscB-rgHCStOQ_QgN9QC1kaZfiVF19ohoKS7TQxP75VrBu95EhmbE2jstkSGI99fzoLZbIB48RX9xWN_fc14op2lP35HacCUC1iiNEPL33KNivOM50lSgA\">DRK Ennepetal<\/a>&nbsp;nominieren. Wir w\u00fcrden sehr gerne euer F\u00fchrungsfahrzeug der Einsatzeinheit 02 sehen&nbsp;\ud83d\ude1c<\/p>\n\n\n\n<p>Sch\u00f6nes Wochenende.<\/p>\n\n\n\n<p>Euer DRK OV Schwelm&nbsp;\ud83d\ude0a<\/p>\n\n\n\n<figure class=\"wp-block-video\"><video height=\"480\" style=\"aspect-ratio: 848 \/ 480;\" width=\"848\" controls src=\"http:\/\/www.drk-schwelm.org\/wp-content\/uploads\/2019\/11\/72900717_107460920555863_4820962160527840735_n.mp4\"><\/video><\/figure>\n\n\n\n<figure class=\"wp-block-video\"><video height=\"480\" style=\"aspect-ratio: 848 \/ 480;\" width=\"848\" controls src=\"http:\/\/www.drk-schwelm.org\/wp-content\/uploads\/2019\/11\/10000000_104552454225129_1257513200208358853_n.mp4\"><\/video><\/figure>\n\n\n\n<figure class=\"wp-block-image\"><img loading=\"lazy\" decoding=\"async\" width=\"960\" height=\"504\" src=\"http:\/\/www.drk-schwelm.org\/wp-content\/uploads\/2019\/11\/72317697_2423849227693464_1076728780480839680_n.jpg\" alt=\"\" class=\"wp-image-10615\" srcset=\"https:\/\/www.drk-schwelm.org\/wp-content\/uploads\/2019\/11\/72317697_2423849227693464_1076728780480839680_n.jpg 960w, https:\/\/www.drk-schwelm.org\/wp-content\/uploads\/2019\/11\/72317697_2423849227693464_1076728780480839680_n-300x158.jpg 300w, https:\/\/www.drk-schwelm.org\/wp-content\/uploads\/2019\/11\/72317697_2423849227693464_1076728780480839680_n-768x403.jpg 768w\" sizes=\"auto, (max-width: 960px) 100vw, 960px\" \/><\/figure>\n\n\n\n<figure class=\"wp-block-image\"><img loading=\"lazy\" decoding=\"async\" width=\"960\" height=\"504\" src=\"http:\/\/www.drk-schwelm.org\/wp-content\/uploads\/2019\/11\/72735024_2423849244360129_4726923280924016640_n.jpg\" alt=\"\" class=\"wp-image-10616\" srcset=\"https:\/\/www.drk-schwelm.org\/wp-content\/uploads\/2019\/11\/72735024_2423849244360129_4726923280924016640_n.jpg 960w, https:\/\/www.drk-schwelm.org\/wp-content\/uploads\/2019\/11\/72735024_2423849244360129_4726923280924016640_n-300x158.jpg 300w, https:\/\/www.drk-schwelm.org\/wp-content\/uploads\/2019\/11\/72735024_2423849244360129_4726923280924016640_n-768x403.jpg 768w\" sizes=\"auto, (max-width: 960px) 100vw, 960px\" \/><\/figure>\n","protected":false},"excerpt":{"rendered":"<p>Seit einigen Wochen kursieren Bilder der sogenannten&nbsp;#tetrischallenge&nbsp;im Internet. Diverse Feuerwehren, Hilfsorganisationen sowie Polizeieinheiten r\u00e4umen ihre Einsatzfahrzeuge aus und reihen das<\/p>\n","protected":false},"author":1,"featured_media":10616,"comment_status":"closed","ping_status":"open","sticky":false,"template":"","format":"standard","meta":{"footnotes":""},"categories":[1],"tags":[],"class_list":["post-10614","post","type-post","status-publish","format-standard","has-post-thumbnail","hentry","category-aktuelles","comments-off"],"_links":{"self":[{"href":"https:\/\/www.drk-schwelm.org\/index.php?rest_route=\/wp\/v2\/posts\/10614","targetHints":{"allow":["GET"]}}],"collection":[{"href":"https:\/\/www.drk-schwelm.org\/index.php?rest_route=\/wp\/v2\/posts"}],"about":[{"href":"https:\/\/www.drk-schwelm.org\/index.php?rest_route=\/wp\/v2\/types\/post"}],"author":[{"embeddable":true,"href":"https:\/\/www.drk-schwelm.org\/index.php?rest_route=\/wp\/v2\/users\/1"}],"replies":[{"embeddable":true,"href":"https:\/\/www.drk-schwelm.org\/index.php?rest_route=%2Fwp%2Fv2%2Fcomments&post=10614"}],"version-history":[{"count":3,"href":"https:\/\/www.drk-schwelm.org\/index.php?rest_route=\/wp\/v2\/posts\/10614\/revisions"}],"predecessor-version":[{"id":10621,"href":"https:\/\/www.drk-schwelm.org\/index.php?rest_route=\/wp\/v2\/posts\/10614\/revisions\/10621"}],"wp:featuredmedia":[{"embeddable":true,"href":"https:\/\/www.drk-schwelm.org\/index.php?rest_route=\/wp\/v2\/media\/10616"}],"wp:attachment":[{"href":"https:\/\/www.drk-schwelm.org\/index.php?rest_route=%2Fwp%2Fv2%2Fmedia&parent=10614"}],"wp:term":[{"taxonomy":"category","embeddable":true,"href":"https:\/\/www.drk-schwelm.org\/index.php?rest_route=%2Fwp%2Fv2%2Fcategories&post=10614"},{"taxonomy":"post_tag","embeddable":true,"href":"https:\/\/www.drk-schwelm.org\/index.php?rest_route=%2Fwp%2Fv2%2Ftags&post=10614"}],"curies":[{"name":"wp","href":"https:\/\/api.w.org\/{rel}","templated":true}]}}