{"id":10608,"date":"2019-09-17T09:13:38","date_gmt":"2019-09-17T07:13:38","guid":{"rendered":"http:\/\/www.drk-schwelm.org\/?p=10608"},"modified":"2019-11-19T09:17:15","modified_gmt":"2019-11-19T08:17:15","slug":"sanitaetsdienst-17-09-2019","status":"publish","type":"post","link":"https:\/\/www.drk-schwelm.org\/?p=10608","title":{"rendered":"Sanit\u00e4tsdienst 17.09.2019"},"content":{"rendered":"\n<p>An diesem Wochenende fand auf dem Gebiet des Ennepe Ruhr Kreises der dritte Mammutmarsch NRW statt. Wie im letzen Jahr wurden der DRK Kreisverband Witten sowie unser Kreisverband Ennepe Ruhr mit der \u00dcbernahme des Sanit\u00e4tsdienstes beauftragt. F\u00fcr unsere Helfer bedeute dies nur zwei Wochen nach dem Heimatfest einen weiteren MAMMUT Sanit\u00e4tsdienst. Der Sanit\u00e4tsdienst begann f\u00fcr die Helfer am Samstag um 12.00 Uhr mit der Einsatzvorbesprechung am KV Witten. Danach wurde ein Gro\u00dfteil der Kr\u00e4fte nach Wuppertal zum Start\/Ziel Bereich verlegt. Dort sicherten wir den Start der Teilnehmer um 15.00 Uhr ab. In den vielen darauffolgenden Stunden wurden Unfallhilfsstellen an den Versorgungspunkten in Gevelsberg, Herdecke, Witten, Velbert sowie im Start\/ Ziel Bereich betrieben und die Strecke zwischen den Versorgungspunkten durch Rettungsmittel und Quad\/ Krad Streifen abgesichert. Der Einsatz endete gegen 20.30 Uhr mit dem Eintreffen des letzten Teilnehmers im Ziel. W\u00e4hrend der gesamten Zeit wurden einige Teilnehmer mit Wunden an den F\u00fc\u00dfen sowie mit Kreislaufbeschwerden u.\u00e4. versorgt und betreut. Viele Teilnehmer konnten daraufhin den Marsch weiterf\u00fchren.<br>Das DRK Schwelm stellte und besetzte w\u00e4hrend der gesamten Zeit einen Rettungswagen, einen Gel\u00e4ndekrankenwagen sowie ein Quad zur Erstversorgung. Weitere Helfer wurden zur Assistenz in der Einsatzleitung oder als Helfer an den Versorgungsposten eingesetzt. Unser neuer Einsatzleitwagen (ELW2) konnte im Rahmen des Dienstes zum zweiten Mal in den Einsatz gebracht werden und erm\u00f6glichte der Einsatzleitung eine gute Infrastruktur zur F\u00fchrung.<br>Wir bedanken uns f\u00fcr die gute Zusammenarbeit bei den Kr\u00e4ften der anderen Ortsvereine unseres Kreisverbandes sowie des Deutsches Rotes Kreuz Kreisverband Witten e.V.. Ebenfalls bedanken m\u00f6chten wir uns beim Mammutmarsch Team f\u00fcr das uns entgegengebrachte Vertrauen, die Dankbarkeit sowie unser Abschiedsgeschenk.<\/p>\n\n\n\n<p>Euer DRK OV Schwelm<\/p>\n\n\n\n<p>Text: Dominik Wiesner<\/p>\n\n\n\n<ul class=\"wp-block-gallery columns-3 is-cropped wp-block-gallery-1 is-layout-flex wp-block-gallery-is-layout-flex\"><li class=\"blocks-gallery-item\"><figure><img loading=\"lazy\" decoding=\"async\" width=\"960\" height=\"720\" src=\"http:\/\/www.drk-schwelm.org\/wp-content\/uploads\/2019\/11\/70526715_2375408009204253_6306097973008793600_n.jpg\" alt=\"\" data-id=\"10609\" data-link=\"http:\/\/www.drk-schwelm.org\/?attachment_id=10609\" class=\"wp-image-10609\" srcset=\"https:\/\/www.drk-schwelm.org\/wp-content\/uploads\/2019\/11\/70526715_2375408009204253_6306097973008793600_n.jpg 960w, https:\/\/www.drk-schwelm.org\/wp-content\/uploads\/2019\/11\/70526715_2375408009204253_6306097973008793600_n-300x225.jpg 300w, https:\/\/www.drk-schwelm.org\/wp-content\/uploads\/2019\/11\/70526715_2375408009204253_6306097973008793600_n-768x576.jpg 768w, https:\/\/www.drk-schwelm.org\/wp-content\/uploads\/2019\/11\/70526715_2375408009204253_6306097973008793600_n-600x450.jpg 600w\" sizes=\"auto, (max-width: 960px) 100vw, 960px\" \/><\/figure><\/li><li class=\"blocks-gallery-item\"><figure><img loading=\"lazy\" decoding=\"async\" width=\"960\" height=\"960\" src=\"http:\/\/www.drk-schwelm.org\/wp-content\/uploads\/2019\/11\/70173363_2375407882537599_4913306719628558336_n.jpg\" alt=\"\" data-id=\"10610\" data-link=\"http:\/\/www.drk-schwelm.org\/?attachment_id=10610\" class=\"wp-image-10610\" srcset=\"https:\/\/www.drk-schwelm.org\/wp-content\/uploads\/2019\/11\/70173363_2375407882537599_4913306719628558336_n.jpg 960w, https:\/\/www.drk-schwelm.org\/wp-content\/uploads\/2019\/11\/70173363_2375407882537599_4913306719628558336_n-150x150.jpg 150w, https:\/\/www.drk-schwelm.org\/wp-content\/uploads\/2019\/11\/70173363_2375407882537599_4913306719628558336_n-300x300.jpg 300w, https:\/\/www.drk-schwelm.org\/wp-content\/uploads\/2019\/11\/70173363_2375407882537599_4913306719628558336_n-768x768.jpg 768w\" sizes=\"auto, (max-width: 960px) 100vw, 960px\" \/><\/figure><\/li><li class=\"blocks-gallery-item\"><figure><img loading=\"lazy\" decoding=\"async\" width=\"960\" height=\"720\" src=\"http:\/\/www.drk-schwelm.org\/wp-content\/uploads\/2019\/11\/70603603_2375407799204274_5737334545129144320_n.jpg\" alt=\"\" data-id=\"10611\" data-link=\"http:\/\/www.drk-schwelm.org\/?attachment_id=10611\" class=\"wp-image-10611\" srcset=\"https:\/\/www.drk-schwelm.org\/wp-content\/uploads\/2019\/11\/70603603_2375407799204274_5737334545129144320_n.jpg 960w, https:\/\/www.drk-schwelm.org\/wp-content\/uploads\/2019\/11\/70603603_2375407799204274_5737334545129144320_n-300x225.jpg 300w, https:\/\/www.drk-schwelm.org\/wp-content\/uploads\/2019\/11\/70603603_2375407799204274_5737334545129144320_n-768x576.jpg 768w, https:\/\/www.drk-schwelm.org\/wp-content\/uploads\/2019\/11\/70603603_2375407799204274_5737334545129144320_n-600x450.jpg 600w\" sizes=\"auto, (max-width: 960px) 100vw, 960px\" \/><\/figure><\/li><\/ul>\n","protected":false},"excerpt":{"rendered":"<p>An diesem Wochenende fand auf dem Gebiet des Ennepe Ruhr Kreises der dritte Mammutmarsch NRW statt. Wie im letzen Jahr<\/p>\n","protected":false},"author":1,"featured_media":10612,"comment_status":"closed","ping_status":"open","sticky":false,"template":"","format":"standard","meta":{"footnotes":""},"categories":[1],"tags":[],"class_list":["post-10608","post","type-post","status-publish","format-standard","has-post-thumbnail","hentry","category-aktuelles","comments-off"],"_links":{"self":[{"href":"https:\/\/www.drk-schwelm.org\/index.php?rest_route=\/wp\/v2\/posts\/10608","targetHints":{"allow":["GET"]}}],"collection":[{"href":"https:\/\/www.drk-schwelm.org\/index.php?rest_route=\/wp\/v2\/posts"}],"about":[{"href":"https:\/\/www.drk-schwelm.org\/index.php?rest_route=\/wp\/v2\/types\/post"}],"author":[{"embeddable":true,"href":"https:\/\/www.drk-schwelm.org\/index.php?rest_route=\/wp\/v2\/users\/1"}],"replies":[{"embeddable":true,"href":"https:\/\/www.drk-schwelm.org\/index.php?rest_route=%2Fwp%2Fv2%2Fcomments&post=10608"}],"version-history":[{"count":1,"href":"https:\/\/www.drk-schwelm.org\/index.php?rest_route=\/wp\/v2\/posts\/10608\/revisions"}],"predecessor-version":[{"id":10613,"href":"https:\/\/www.drk-schwelm.org\/index.php?rest_route=\/wp\/v2\/posts\/10608\/revisions\/10613"}],"wp:featuredmedia":[{"embeddable":true,"href":"https:\/\/www.drk-schwelm.org\/index.php?rest_route=\/wp\/v2\/media\/10612"}],"wp:attachment":[{"href":"https:\/\/www.drk-schwelm.org\/index.php?rest_route=%2Fwp%2Fv2%2Fmedia&parent=10608"}],"wp:term":[{"taxonomy":"category","embeddable":true,"href":"https:\/\/www.drk-schwelm.org\/index.php?rest_route=%2Fwp%2Fv2%2Fcategories&post=10608"},{"taxonomy":"post_tag","embeddable":true,"href":"https:\/\/www.drk-schwelm.org\/index.php?rest_route=%2Fwp%2Fv2%2Ftags&post=10608"}],"curies":[{"name":"wp","href":"https:\/\/api.w.org\/{rel}","templated":true}]}}