{"id":10579,"date":"2019-09-02T14:52:10","date_gmt":"2019-09-02T12:52:10","guid":{"rendered":"http:\/\/www.drk-schwelm.org\/?p=10579"},"modified":"2019-09-02T14:52:11","modified_gmt":"2019-09-02T12:52:11","slug":"abschlussbericht-heimatfestumzug-2019","status":"publish","type":"post","link":"https:\/\/www.drk-schwelm.org\/?p=10579","title":{"rendered":"Abschlussbericht Heimatfestumzug 2019"},"content":{"rendered":"\n<p>Der heutige Heimatfestumzug bedeutete f\u00fcr uns unseren gr\u00f6\u00dften Sanit\u00e4tsdienst des Jahres. Seit 10.00 Uhr sind wir mit Zeitweise bis zu 40 Kameraden im Einsatz. Mit Unterst\u00fctzung der Ortsvereine vom&nbsp;<a href=\"https:\/\/www.facebook.com\/DRK.Ennepetal\/?__tn__=K-R&amp;eid=ARDVCFEUaiGK0CtgIYBSTUvGFoyC0H_eB5FWy08ErF0S1D0ZdV0BWs5EvJuWDLPZslv31mr0x-3KHFmU&amp;fref=mentions&amp;__xts__%5B0%5D=68.ARAJl0yunjkArbw2hrkHC78Kn3nMXJr_X3wXYKXM9jxNEc5Acqwxo3PZhWIQm7OfC4r0WcQdAbYM-avg70_CZoppJbK9fIG_F5G4TunyCNcereM_wLabBUltSbWR7lbTe5IIJHttj6AjZPkiWUPFVrzO1vfa7Ttbr1lawmPhIIXk69eANvIPUU6hj9uDUroMw7JuCXcfb6GMjheUSaO-s4fR-rY7kja22EcR5A8Y7_xD_hL7RGe_Ne8D1Hrq02mYOl7Pra2hiZfQQtp_6fwemRpWDsjkmjya1ufxlIw7CYlhQxbA6CHxqZL_wGLqP3TNXDL2bfJGBfj-DTLIiFVpCWy3Iw\">DRK Ennepetal<\/a>,&nbsp;<a href=\"https:\/\/www.facebook.com\/DRKGevelsberg\/?__tn__=K-R&amp;eid=ARA_DXGQXuz-ClZnff5j2cIl4W9iLDwD9tg-UKhltve1sdm1zgoHpaI6MGOT3Aodg3X97x6zdbYe6ig4&amp;fref=mentions&amp;__xts__%5B0%5D=68.ARAJl0yunjkArbw2hrkHC78Kn3nMXJr_X3wXYKXM9jxNEc5Acqwxo3PZhWIQm7OfC4r0WcQdAbYM-avg70_CZoppJbK9fIG_F5G4TunyCNcereM_wLabBUltSbWR7lbTe5IIJHttj6AjZPkiWUPFVrzO1vfa7Ttbr1lawmPhIIXk69eANvIPUU6hj9uDUroMw7JuCXcfb6GMjheUSaO-s4fR-rY7kja22EcR5A8Y7_xD_hL7RGe_Ne8D1Hrq02mYOl7Pra2hiZfQQtp_6fwemRpWDsjkmjya1ufxlIw7CYlhQxbA6CHxqZL_wGLqP3TNXDL2bfJGBfj-DTLIiFVpCWy3Iw\">DRK Gevelsberg<\/a>,&nbsp;<a href=\"https:\/\/www.facebook.com\/DRKSprockhoevel\/?__tn__=K-R&amp;eid=ARCjMnBIFIPz4VIjk8-ajViSwiFW4ZvksSzVwdGGGCHCfxY7EC87-tn9bEUZOCkwJPedAvRcTnWIQCBk&amp;fref=mentions&amp;__xts__%5B0%5D=68.ARAJl0yunjkArbw2hrkHC78Kn3nMXJr_X3wXYKXM9jxNEc5Acqwxo3PZhWIQm7OfC4r0WcQdAbYM-avg70_CZoppJbK9fIG_F5G4TunyCNcereM_wLabBUltSbWR7lbTe5IIJHttj6AjZPkiWUPFVrzO1vfa7Ttbr1lawmPhIIXk69eANvIPUU6hj9uDUroMw7JuCXcfb6GMjheUSaO-s4fR-rY7kja22EcR5A8Y7_xD_hL7RGe_Ne8D1Hrq02mYOl7Pra2hiZfQQtp_6fwemRpWDsjkmjya1ufxlIw7CYlhQxbA6CHxqZL_wGLqP3TNXDL2bfJGBfj-DTLIiFVpCWy3Iw\">DRK Sprockh\u00f6vel e.V.<\/a>&nbsp;Sowie DRK Hagen besetzten wir insgesamt drei Rettungswagen, drei Krankenwagen, ein Notarzteinsatzfahrzeug sowie sechs mobile Unfallhilfsstellen. Zwei unserer Helfer unterst\u00fctzten die Kollegen der&nbsp;<a href=\"https:\/\/www.facebook.com\/FeuerwehrSchwelm\/?__tn__=K-R&amp;eid=ARBrvD0SWxkLn5GE2bx4KgtNRMQVUCz0Xsu_OsAQ6eqDeCGPKwyVfdr34H2uABiK79Byn8L6AhpoAap2&amp;fref=mentions&amp;__xts__%5B0%5D=68.ARAJl0yunjkArbw2hrkHC78Kn3nMXJr_X3wXYKXM9jxNEc5Acqwxo3PZhWIQm7OfC4r0WcQdAbYM-avg70_CZoppJbK9fIG_F5G4TunyCNcereM_wLabBUltSbWR7lbTe5IIJHttj6AjZPkiWUPFVrzO1vfa7Ttbr1lawmPhIIXk69eANvIPUU6hj9uDUroMw7JuCXcfb6GMjheUSaO-s4fR-rY7kja22EcR5A8Y7_xD_hL7RGe_Ne8D1Hrq02mYOl7Pra2hiZfQQtp_6fwemRpWDsjkmjya1ufxlIw7CYlhQxbA6CHxqZL_wGLqP3TNXDL2bfJGBfj-DTLIiFVpCWy3Iw\">Feuerwehr Schwelm<\/a>&nbsp;in der Einsatzleitung und \u00fcbernahmen die Disposition der Sanit\u00e4ts- und Rettungseins\u00e4tze.&nbsp;<br>Der diesj\u00e4hrige Heimatfestumzug war, auch aufgrund des Wetters, ruhiger als die letzten Jahre. Zu Beginn wurde unser Notarzteinsatzfahrzeug zu einem Unterst\u00fctzungseinsatz des Regelrettungsdienstes alarmiert. Nach einer ambulanten Behandlung durch unseren Notarzt konnte der Rettungswagen den Patienten selbstst\u00e4ndig ins Krankenhaus transportieren. Im weiteren Einsatzverlauf kam es zu zwei Transporten durch unsere Krankentransportwagen sowie drei ambulante Hilfsleistungen ohne Transport. Gegen Ende des Heimatfestumzuges unterst\u00fctzen wir noch einmal den Regelrettungsdienst indem wir unseren Rettungswagen und unser Notarzteinsatzfahrzeug zu einem chirurgischen Notfall im Schwelmer Stadtgebiet entsandten.<\/p>\n\n\n\n<p>Wir bedanken uns bei allen eingesetzten Kr\u00e4ften von Feuerwehr, THW, Polizei und Sicherheitsdienst f\u00fcr die kollegiale Zusammenarbeit. Bei unseren benachbarten DRK Ortsvereinen bedanken wir uns f\u00fcr die tatkr\u00e4ftige Unterst\u00fctzung.<\/p>\n\n\n\n<p>Euer DRK OV Schwelm<\/p>\n\n\n\n<p>Text: Dominik Wiesner<\/p>\n\n\n\n<ul class=\"wp-block-gallery columns-3 is-cropped wp-block-gallery-1 is-layout-flex wp-block-gallery-is-layout-flex\"><li class=\"blocks-gallery-item\"><figure><img loading=\"lazy\" decoding=\"async\" width=\"960\" height=\"540\" src=\"http:\/\/www.drk-schwelm.org\/wp-content\/uploads\/2019\/09\/70537706_2347108782034176_6664620157588996096_n.jpg\" alt=\"\" data-id=\"10581\" data-link=\"http:\/\/www.drk-schwelm.org\/?attachment_id=10581\" class=\"wp-image-10581\" srcset=\"https:\/\/www.drk-schwelm.org\/wp-content\/uploads\/2019\/09\/70537706_2347108782034176_6664620157588996096_n.jpg 960w, https:\/\/www.drk-schwelm.org\/wp-content\/uploads\/2019\/09\/70537706_2347108782034176_6664620157588996096_n-300x169.jpg 300w, https:\/\/www.drk-schwelm.org\/wp-content\/uploads\/2019\/09\/70537706_2347108782034176_6664620157588996096_n-768x432.jpg 768w\" sizes=\"auto, (max-width: 960px) 100vw, 960px\" \/><\/figure><\/li><li class=\"blocks-gallery-item\"><figure><img loading=\"lazy\" decoding=\"async\" width=\"960\" height=\"809\" src=\"http:\/\/www.drk-schwelm.org\/wp-content\/uploads\/2019\/09\/69421782_2347108748700846_2461719741891346432_n.jpg\" alt=\"\" data-id=\"10582\" data-link=\"http:\/\/www.drk-schwelm.org\/?attachment_id=10582\" class=\"wp-image-10582\" srcset=\"https:\/\/www.drk-schwelm.org\/wp-content\/uploads\/2019\/09\/69421782_2347108748700846_2461719741891346432_n.jpg 960w, https:\/\/www.drk-schwelm.org\/wp-content\/uploads\/2019\/09\/69421782_2347108748700846_2461719741891346432_n-300x253.jpg 300w, https:\/\/www.drk-schwelm.org\/wp-content\/uploads\/2019\/09\/69421782_2347108748700846_2461719741891346432_n-768x647.jpg 768w\" sizes=\"auto, (max-width: 960px) 100vw, 960px\" \/><\/figure><\/li><li class=\"blocks-gallery-item\"><figure><img loading=\"lazy\" decoding=\"async\" width=\"960\" height=\"540\" src=\"http:\/\/www.drk-schwelm.org\/wp-content\/uploads\/2019\/09\/69689793_2347108625367525_5928686054109347840_n.jpg\" alt=\"\" data-id=\"10583\" data-link=\"http:\/\/www.drk-schwelm.org\/?attachment_id=10583\" class=\"wp-image-10583\" srcset=\"https:\/\/www.drk-schwelm.org\/wp-content\/uploads\/2019\/09\/69689793_2347108625367525_5928686054109347840_n.jpg 960w, https:\/\/www.drk-schwelm.org\/wp-content\/uploads\/2019\/09\/69689793_2347108625367525_5928686054109347840_n-300x169.jpg 300w, https:\/\/www.drk-schwelm.org\/wp-content\/uploads\/2019\/09\/69689793_2347108625367525_5928686054109347840_n-768x432.jpg 768w\" sizes=\"auto, (max-width: 960px) 100vw, 960px\" \/><\/figure><\/li><li class=\"blocks-gallery-item\"><figure><img loading=\"lazy\" decoding=\"async\" width=\"960\" height=\"540\" src=\"http:\/\/www.drk-schwelm.org\/wp-content\/uploads\/2019\/09\/69848145_2347108598700861_1602160274721210368_n.jpg\" alt=\"\" data-id=\"10584\" data-link=\"http:\/\/www.drk-schwelm.org\/?attachment_id=10584\" class=\"wp-image-10584\" srcset=\"https:\/\/www.drk-schwelm.org\/wp-content\/uploads\/2019\/09\/69848145_2347108598700861_1602160274721210368_n.jpg 960w, https:\/\/www.drk-schwelm.org\/wp-content\/uploads\/2019\/09\/69848145_2347108598700861_1602160274721210368_n-300x169.jpg 300w, https:\/\/www.drk-schwelm.org\/wp-content\/uploads\/2019\/09\/69848145_2347108598700861_1602160274721210368_n-768x432.jpg 768w\" sizes=\"auto, (max-width: 960px) 100vw, 960px\" \/><\/figure><\/li><li class=\"blocks-gallery-item\"><figure><img loading=\"lazy\" decoding=\"async\" width=\"960\" height=\"540\" src=\"http:\/\/www.drk-schwelm.org\/wp-content\/uploads\/2019\/09\/70417297_2347108545367533_1067338998424272896_n.jpg\" alt=\"\" data-id=\"10585\" data-link=\"http:\/\/www.drk-schwelm.org\/?attachment_id=10585\" class=\"wp-image-10585\" srcset=\"https:\/\/www.drk-schwelm.org\/wp-content\/uploads\/2019\/09\/70417297_2347108545367533_1067338998424272896_n.jpg 960w, https:\/\/www.drk-schwelm.org\/wp-content\/uploads\/2019\/09\/70417297_2347108545367533_1067338998424272896_n-300x169.jpg 300w, https:\/\/www.drk-schwelm.org\/wp-content\/uploads\/2019\/09\/70417297_2347108545367533_1067338998424272896_n-768x432.jpg 768w\" sizes=\"auto, (max-width: 960px) 100vw, 960px\" \/><\/figure><\/li><li class=\"blocks-gallery-item\"><figure><img loading=\"lazy\" decoding=\"async\" width=\"455\" height=\"960\" src=\"http:\/\/www.drk-schwelm.org\/wp-content\/uploads\/2019\/09\/69584492_2347108538700867_5332851889744642048_n.jpg\" alt=\"\" data-id=\"10586\" data-link=\"http:\/\/www.drk-schwelm.org\/?attachment_id=10586\" class=\"wp-image-10586\" srcset=\"https:\/\/www.drk-schwelm.org\/wp-content\/uploads\/2019\/09\/69584492_2347108538700867_5332851889744642048_n.jpg 455w, https:\/\/www.drk-schwelm.org\/wp-content\/uploads\/2019\/09\/69584492_2347108538700867_5332851889744642048_n-142x300.jpg 142w\" sizes=\"auto, (max-width: 455px) 100vw, 455px\" \/><\/figure><\/li><\/ul>\n","protected":false},"excerpt":{"rendered":"<p>Der heutige Heimatfestumzug bedeutete f\u00fcr uns unseren gr\u00f6\u00dften Sanit\u00e4tsdienst des Jahres. Seit 10.00 Uhr sind wir mit Zeitweise bis zu<\/p>\n","protected":false},"author":1,"featured_media":10580,"comment_status":"closed","ping_status":"open","sticky":false,"template":"","format":"standard","meta":{"footnotes":""},"categories":[1],"tags":[],"class_list":["post-10579","post","type-post","status-publish","format-standard","has-post-thumbnail","hentry","category-aktuelles","comments-off"],"_links":{"self":[{"href":"https:\/\/www.drk-schwelm.org\/index.php?rest_route=\/wp\/v2\/posts\/10579","targetHints":{"allow":["GET"]}}],"collection":[{"href":"https:\/\/www.drk-schwelm.org\/index.php?rest_route=\/wp\/v2\/posts"}],"about":[{"href":"https:\/\/www.drk-schwelm.org\/index.php?rest_route=\/wp\/v2\/types\/post"}],"author":[{"embeddable":true,"href":"https:\/\/www.drk-schwelm.org\/index.php?rest_route=\/wp\/v2\/users\/1"}],"replies":[{"embeddable":true,"href":"https:\/\/www.drk-schwelm.org\/index.php?rest_route=%2Fwp%2Fv2%2Fcomments&post=10579"}],"version-history":[{"count":1,"href":"https:\/\/www.drk-schwelm.org\/index.php?rest_route=\/wp\/v2\/posts\/10579\/revisions"}],"predecessor-version":[{"id":10587,"href":"https:\/\/www.drk-schwelm.org\/index.php?rest_route=\/wp\/v2\/posts\/10579\/revisions\/10587"}],"wp:featuredmedia":[{"embeddable":true,"href":"https:\/\/www.drk-schwelm.org\/index.php?rest_route=\/wp\/v2\/media\/10580"}],"wp:attachment":[{"href":"https:\/\/www.drk-schwelm.org\/index.php?rest_route=%2Fwp%2Fv2%2Fmedia&parent=10579"}],"wp:term":[{"taxonomy":"category","embeddable":true,"href":"https:\/\/www.drk-schwelm.org\/index.php?rest_route=%2Fwp%2Fv2%2Fcategories&post=10579"},{"taxonomy":"post_tag","embeddable":true,"href":"https:\/\/www.drk-schwelm.org\/index.php?rest_route=%2Fwp%2Fv2%2Ftags&post=10579"}],"curies":[{"name":"wp","href":"https:\/\/api.w.org\/{rel}","templated":true}]}}