{"id":10570,"date":"2019-09-02T14:46:50","date_gmt":"2019-09-02T12:46:50","guid":{"rendered":"http:\/\/www.drk-schwelm.org\/?p=10570"},"modified":"2019-09-02T14:46:51","modified_gmt":"2019-09-02T12:46:51","slug":"einsatz-absicherung-feuerwehr-und-thw-einsatz-11-08-2019","status":"publish","type":"post","link":"https:\/\/www.drk-schwelm.org\/?p=10570","title":{"rendered":"Einsatz: Absicherung Feuerwehr und THW Einsatz 11.08.2019"},"content":{"rendered":"\n<p>Nach dem gestrigen Brandeinsatz in der Schwelmer Altstadt l\u00e4uft der Einsatz f\u00fcr die Feuerwehr und das THW weiter. F\u00fcr die Absicherung der eingesetzten Einsatzkr\u00e4fte stellen wir seit heute Mittag einen Krankenwagen und zwei Helfer. Wie lange der Einsatz andauert ist noch nicht klar.<\/p>\n\n\n\n<p>Wir w\u00fcnschen euch einen Sch\u00f6nen Sonntag<\/p>\n\n\n\n<p>Euer DRK OV Schwelm<\/p>\n\n\n\n<figure class=\"wp-block-image\"><img loading=\"lazy\" decoding=\"async\" width=\"960\" height=\"720\" src=\"http:\/\/www.drk-schwelm.org\/wp-content\/uploads\/2019\/09\/68755700_2308839732527748_7540577126995460096_n.jpg\" alt=\"\" class=\"wp-image-10572\" srcset=\"https:\/\/www.drk-schwelm.org\/wp-content\/uploads\/2019\/09\/68755700_2308839732527748_7540577126995460096_n.jpg 960w, https:\/\/www.drk-schwelm.org\/wp-content\/uploads\/2019\/09\/68755700_2308839732527748_7540577126995460096_n-300x225.jpg 300w, https:\/\/www.drk-schwelm.org\/wp-content\/uploads\/2019\/09\/68755700_2308839732527748_7540577126995460096_n-768x576.jpg 768w, https:\/\/www.drk-schwelm.org\/wp-content\/uploads\/2019\/09\/68755700_2308839732527748_7540577126995460096_n-600x450.jpg 600w\" sizes=\"auto, (max-width: 960px) 100vw, 960px\" \/><\/figure>\n","protected":false},"excerpt":{"rendered":"<p>Nach dem gestrigen Brandeinsatz in der Schwelmer Altstadt l\u00e4uft der Einsatz f\u00fcr die Feuerwehr und das THW weiter. F\u00fcr die<\/p>\n","protected":false},"author":1,"featured_media":10571,"comment_status":"closed","ping_status":"open","sticky":false,"template":"","format":"standard","meta":{"footnotes":""},"categories":[1],"tags":[],"class_list":["post-10570","post","type-post","status-publish","format-standard","has-post-thumbnail","hentry","category-aktuelles","comments-off"],"_links":{"self":[{"href":"https:\/\/www.drk-schwelm.org\/index.php?rest_route=\/wp\/v2\/posts\/10570","targetHints":{"allow":["GET"]}}],"collection":[{"href":"https:\/\/www.drk-schwelm.org\/index.php?rest_route=\/wp\/v2\/posts"}],"about":[{"href":"https:\/\/www.drk-schwelm.org\/index.php?rest_route=\/wp\/v2\/types\/post"}],"author":[{"embeddable":true,"href":"https:\/\/www.drk-schwelm.org\/index.php?rest_route=\/wp\/v2\/users\/1"}],"replies":[{"embeddable":true,"href":"https:\/\/www.drk-schwelm.org\/index.php?rest_route=%2Fwp%2Fv2%2Fcomments&post=10570"}],"version-history":[{"count":1,"href":"https:\/\/www.drk-schwelm.org\/index.php?rest_route=\/wp\/v2\/posts\/10570\/revisions"}],"predecessor-version":[{"id":10573,"href":"https:\/\/www.drk-schwelm.org\/index.php?rest_route=\/wp\/v2\/posts\/10570\/revisions\/10573"}],"wp:featuredmedia":[{"embeddable":true,"href":"https:\/\/www.drk-schwelm.org\/index.php?rest_route=\/wp\/v2\/media\/10571"}],"wp:attachment":[{"href":"https:\/\/www.drk-schwelm.org\/index.php?rest_route=%2Fwp%2Fv2%2Fmedia&parent=10570"}],"wp:term":[{"taxonomy":"category","embeddable":true,"href":"https:\/\/www.drk-schwelm.org\/index.php?rest_route=%2Fwp%2Fv2%2Fcategories&post=10570"},{"taxonomy":"post_tag","embeddable":true,"href":"https:\/\/www.drk-schwelm.org\/index.php?rest_route=%2Fwp%2Fv2%2Ftags&post=10570"}],"curies":[{"name":"wp","href":"https:\/\/api.w.org\/{rel}","templated":true}]}}