{"id":10558,"date":"2019-06-30T14:35:20","date_gmt":"2019-06-30T12:35:20","guid":{"rendered":"http:\/\/www.drk-schwelm.org\/?p=10558"},"modified":"2019-09-02T14:39:56","modified_gmt":"2019-09-02T12:39:56","slug":"sanitaetsdienst-kirmeszug-gevelsberg","status":"publish","type":"post","link":"https:\/\/www.drk-schwelm.org\/?p=10558","title":{"rendered":"Sanit\u00e4tsdienst: Kirmeszug Gevelsberg"},"content":{"rendered":"\n<p>am 30. Juni unterst\u00fctzten wir die Kameraden vom DRK Ortsverein Gevelsberg bei ihrem gr\u00f6\u00dften Sanit\u00e4tsdienst des Jahres, dem Kirmeszug. Wir unterst\u00fctzten mit 6 Einsatzkr\u00e4ften, unserem Rettungswagen, unserem Krankenwagen und unserem Einsatzleitwagen als mobile Unfallhilfsstelle. Entlang der gesamten Zugstrecke standen Einsatzkr\u00e4fte des DRK und stellten die sanit\u00e4tsdienstliche Versorgung bei bestem Wetter sicher. Wir w\u00fcnschen allen Besuchern des Kirmeszuges einen sch\u00f6nen Tag und hoffen das es ruhig bleibt.<\/p>\n\n\n\n<p>Euer DRK OV Schwelm&nbsp;\ud83d\ude0a\u2600\ufe0f<\/p>\n\n\n\n<ul class=\"wp-block-gallery columns-3 is-cropped wp-block-gallery-1 is-layout-flex wp-block-gallery-is-layout-flex\"><li class=\"blocks-gallery-item\"><figure><img loading=\"lazy\" decoding=\"async\" width=\"539\" height=\"960\" src=\"http:\/\/www.drk-schwelm.org\/wp-content\/uploads\/2019\/09\/65727752_2236006519811070_306499066789888000_n.jpg\" alt=\"\" data-id=\"10560\" data-link=\"http:\/\/www.drk-schwelm.org\/?attachment_id=10560\" class=\"wp-image-10560\" srcset=\"https:\/\/www.drk-schwelm.org\/wp-content\/uploads\/2019\/09\/65727752_2236006519811070_306499066789888000_n.jpg 539w, https:\/\/www.drk-schwelm.org\/wp-content\/uploads\/2019\/09\/65727752_2236006519811070_306499066789888000_n-168x300.jpg 168w\" sizes=\"auto, (max-width: 539px) 100vw, 539px\" \/><\/figure><\/li><li class=\"blocks-gallery-item\"><figure><img loading=\"lazy\" decoding=\"async\" width=\"960\" height=\"720\" src=\"http:\/\/www.drk-schwelm.org\/wp-content\/uploads\/2019\/09\/66013035_2236006506477738_3639399332072914944_n.jpg\" alt=\"\" data-id=\"10561\" data-link=\"http:\/\/www.drk-schwelm.org\/?attachment_id=10561\" class=\"wp-image-10561\" srcset=\"https:\/\/www.drk-schwelm.org\/wp-content\/uploads\/2019\/09\/66013035_2236006506477738_3639399332072914944_n.jpg 960w, https:\/\/www.drk-schwelm.org\/wp-content\/uploads\/2019\/09\/66013035_2236006506477738_3639399332072914944_n-300x225.jpg 300w, https:\/\/www.drk-schwelm.org\/wp-content\/uploads\/2019\/09\/66013035_2236006506477738_3639399332072914944_n-768x576.jpg 768w, https:\/\/www.drk-schwelm.org\/wp-content\/uploads\/2019\/09\/66013035_2236006506477738_3639399332072914944_n-600x450.jpg 600w\" sizes=\"auto, (max-width: 960px) 100vw, 960px\" \/><\/figure><\/li><li class=\"blocks-gallery-item\"><figure><img loading=\"lazy\" decoding=\"async\" width=\"720\" height=\"960\" src=\"http:\/\/www.drk-schwelm.org\/wp-content\/uploads\/2019\/09\/65885950_2236006433144412_8629996874411016192_n.jpg\" alt=\"\" data-id=\"10562\" data-link=\"http:\/\/www.drk-schwelm.org\/?attachment_id=10562\" class=\"wp-image-10562\" srcset=\"https:\/\/www.drk-schwelm.org\/wp-content\/uploads\/2019\/09\/65885950_2236006433144412_8629996874411016192_n.jpg 720w, https:\/\/www.drk-schwelm.org\/wp-content\/uploads\/2019\/09\/65885950_2236006433144412_8629996874411016192_n-225x300.jpg 225w\" sizes=\"auto, (max-width: 720px) 100vw, 720px\" \/><\/figure><\/li><\/ul>\n","protected":false},"excerpt":{"rendered":"<p>am 30. Juni unterst\u00fctzten wir die Kameraden vom DRK Ortsverein Gevelsberg bei ihrem gr\u00f6\u00dften Sanit\u00e4tsdienst des Jahres, dem Kirmeszug. Wir<\/p>\n","protected":false},"author":1,"featured_media":10559,"comment_status":"closed","ping_status":"open","sticky":false,"template":"","format":"standard","meta":{"footnotes":""},"categories":[1],"tags":[],"class_list":["post-10558","post","type-post","status-publish","format-standard","has-post-thumbnail","hentry","category-aktuelles","comments-off"],"_links":{"self":[{"href":"https:\/\/www.drk-schwelm.org\/index.php?rest_route=\/wp\/v2\/posts\/10558","targetHints":{"allow":["GET"]}}],"collection":[{"href":"https:\/\/www.drk-schwelm.org\/index.php?rest_route=\/wp\/v2\/posts"}],"about":[{"href":"https:\/\/www.drk-schwelm.org\/index.php?rest_route=\/wp\/v2\/types\/post"}],"author":[{"embeddable":true,"href":"https:\/\/www.drk-schwelm.org\/index.php?rest_route=\/wp\/v2\/users\/1"}],"replies":[{"embeddable":true,"href":"https:\/\/www.drk-schwelm.org\/index.php?rest_route=%2Fwp%2Fv2%2Fcomments&post=10558"}],"version-history":[{"count":1,"href":"https:\/\/www.drk-schwelm.org\/index.php?rest_route=\/wp\/v2\/posts\/10558\/revisions"}],"predecessor-version":[{"id":10563,"href":"https:\/\/www.drk-schwelm.org\/index.php?rest_route=\/wp\/v2\/posts\/10558\/revisions\/10563"}],"wp:featuredmedia":[{"embeddable":true,"href":"https:\/\/www.drk-schwelm.org\/index.php?rest_route=\/wp\/v2\/media\/10559"}],"wp:attachment":[{"href":"https:\/\/www.drk-schwelm.org\/index.php?rest_route=%2Fwp%2Fv2%2Fmedia&parent=10558"}],"wp:term":[{"taxonomy":"category","embeddable":true,"href":"https:\/\/www.drk-schwelm.org\/index.php?rest_route=%2Fwp%2Fv2%2Fcategories&post=10558"},{"taxonomy":"post_tag","embeddable":true,"href":"https:\/\/www.drk-schwelm.org\/index.php?rest_route=%2Fwp%2Fv2%2Ftags&post=10558"}],"curies":[{"name":"wp","href":"https:\/\/api.w.org\/{rel}","templated":true}]}}