{"id":10546,"date":"2019-06-17T12:00:16","date_gmt":"2019-06-17T10:00:16","guid":{"rendered":"http:\/\/www.drk-schwelm.org\/?p=10546"},"modified":"2019-06-17T12:44:10","modified_gmt":"2019-06-17T10:44:10","slug":"notfalltraining-technische-hilfeleistung-am-15-06-2019","status":"publish","type":"post","link":"https:\/\/www.drk-schwelm.org\/?p=10546","title":{"rendered":"Notfalltraining technische Hilfeleistung am 15.06.2019"},"content":{"rendered":"\n<p>Beim Aktionstag Technische Hilfeleistung der&nbsp;<br><a href=\"https:\/\/www.facebook.com\/feuerwehr.sprockhoevel\/?__tn__=K-R&amp;eid=ARBpl_u5Kjtp_PjS7TbccqZ7GsmhHM48LgQdHjDKvgjtqJDf54T9Zn7YCN5-TpJUFEKkunun6dFd15nt&amp;fref=mentions&amp;__xts__%5B0%5D=68.ARDFGaVR0hwlOdUhGNkpWwHPJ1Lc5GA1heXYZD48q-89OCwZ7K0ZRNWyI4vO3wlo_moGFbk_8dlJS52sLPTdZwEtumRD_BsvErePHK98V78-2FFE14cz05OTiR4817OsLtCm2PkxbWgotZNtu5VUXfV8vGEA_-ZKFQ1_7k-4YAl3krdPvvdbOqMG6e4tSQx8tfUS7dk_YuCpkhiTLCsRAsdYemcYLDSISbYSC4SYugiQtwnbuoWRWLz_rtdlmuOnugttTZOTfSeUEELL4XPr3_3fR8Q-IH_4LV9TlGcMGijGwCO2IIehblxsRUPtdFiYiAB4i6FBim_9v65tXWF_WtE2Jw\">Freiwillige Feuerwehr Sprockh\u00f6vel<\/a>&nbsp;am Feuerwehrhaus in Gennebreck unterst\u00fctzten wir mit zwei Kameraden und unserem OV eigenen RTW die Kollegen der Feuerwehr. Ge\u00fcbt wurden mehrere szenarien der technischen Hilfeleistung wie beispielsweise die patientenorientierte Rettung aus einem verunfallten PKW. Da solche Einsatzlagen sowohl f\u00fcr die Feuerwehr als auch f\u00fcr uns nicht allt\u00e4glich sind ist es von gro\u00dfer Bedeutung diese in ruhigen Setting zu \u00fcben. Vielen Dank das wir teilnehmen durften!<\/p>\n\n\n\n<p>Euer DRK OV Schwelm<\/p>\n\n\n\n<ul class=\"wp-block-gallery columns-2 is-cropped wp-block-gallery-1 is-layout-flex wp-block-gallery-is-layout-flex\"><li class=\"blocks-gallery-item\"><figure><img loading=\"lazy\" decoding=\"async\" width=\"960\" height=\"540\" src=\"http:\/\/www.drk-schwelm.org\/wp-content\/uploads\/2019\/06\/64357349_2212769672134755_6114105839591620608_n.jpg\" alt=\"\" data-id=\"10547\" data-link=\"http:\/\/www.drk-schwelm.org\/?attachment_id=10547\" class=\"wp-image-10547\" srcset=\"https:\/\/www.drk-schwelm.org\/wp-content\/uploads\/2019\/06\/64357349_2212769672134755_6114105839591620608_n.jpg 960w, https:\/\/www.drk-schwelm.org\/wp-content\/uploads\/2019\/06\/64357349_2212769672134755_6114105839591620608_n-300x169.jpg 300w, https:\/\/www.drk-schwelm.org\/wp-content\/uploads\/2019\/06\/64357349_2212769672134755_6114105839591620608_n-768x432.jpg 768w\" sizes=\"auto, (max-width: 960px) 100vw, 960px\" \/><\/figure><\/li><li class=\"blocks-gallery-item\"><figure><img loading=\"lazy\" decoding=\"async\" width=\"960\" height=\"540\" src=\"http:\/\/www.drk-schwelm.org\/wp-content\/uploads\/2019\/06\/64625063_2212769662134756_9189775776168280064_n.jpg\" alt=\"\" data-id=\"10548\" data-link=\"http:\/\/www.drk-schwelm.org\/?attachment_id=10548\" class=\"wp-image-10548\" srcset=\"https:\/\/www.drk-schwelm.org\/wp-content\/uploads\/2019\/06\/64625063_2212769662134756_9189775776168280064_n.jpg 960w, https:\/\/www.drk-schwelm.org\/wp-content\/uploads\/2019\/06\/64625063_2212769662134756_9189775776168280064_n-300x169.jpg 300w, https:\/\/www.drk-schwelm.org\/wp-content\/uploads\/2019\/06\/64625063_2212769662134756_9189775776168280064_n-768x432.jpg 768w\" sizes=\"auto, (max-width: 960px) 100vw, 960px\" \/><\/figure><\/li><\/ul>\n","protected":false},"excerpt":{"rendered":"<p>Beim Aktionstag Technische Hilfeleistung der&nbsp;Freiwillige Feuerwehr Sprockh\u00f6vel&nbsp;am Feuerwehrhaus in Gennebreck unterst\u00fctzten wir mit zwei Kameraden und unserem OV eigenen RTW<\/p>\n","protected":false},"author":1,"featured_media":10549,"comment_status":"closed","ping_status":"open","sticky":false,"template":"","format":"standard","meta":{"footnotes":""},"categories":[1],"tags":[],"class_list":["post-10546","post","type-post","status-publish","format-standard","has-post-thumbnail","hentry","category-aktuelles","comments-off"],"_links":{"self":[{"href":"https:\/\/www.drk-schwelm.org\/index.php?rest_route=\/wp\/v2\/posts\/10546","targetHints":{"allow":["GET"]}}],"collection":[{"href":"https:\/\/www.drk-schwelm.org\/index.php?rest_route=\/wp\/v2\/posts"}],"about":[{"href":"https:\/\/www.drk-schwelm.org\/index.php?rest_route=\/wp\/v2\/types\/post"}],"author":[{"embeddable":true,"href":"https:\/\/www.drk-schwelm.org\/index.php?rest_route=\/wp\/v2\/users\/1"}],"replies":[{"embeddable":true,"href":"https:\/\/www.drk-schwelm.org\/index.php?rest_route=%2Fwp%2Fv2%2Fcomments&post=10546"}],"version-history":[{"count":1,"href":"https:\/\/www.drk-schwelm.org\/index.php?rest_route=\/wp\/v2\/posts\/10546\/revisions"}],"predecessor-version":[{"id":10550,"href":"https:\/\/www.drk-schwelm.org\/index.php?rest_route=\/wp\/v2\/posts\/10546\/revisions\/10550"}],"wp:featuredmedia":[{"embeddable":true,"href":"https:\/\/www.drk-schwelm.org\/index.php?rest_route=\/wp\/v2\/media\/10549"}],"wp:attachment":[{"href":"https:\/\/www.drk-schwelm.org\/index.php?rest_route=%2Fwp%2Fv2%2Fmedia&parent=10546"}],"wp:term":[{"taxonomy":"category","embeddable":true,"href":"https:\/\/www.drk-schwelm.org\/index.php?rest_route=%2Fwp%2Fv2%2Fcategories&post=10546"},{"taxonomy":"post_tag","embeddable":true,"href":"https:\/\/www.drk-schwelm.org\/index.php?rest_route=%2Fwp%2Fv2%2Ftags&post=10546"}],"curies":[{"name":"wp","href":"https:\/\/api.w.org\/{rel}","templated":true}]}}