{"id":10541,"date":"2019-06-08T12:38:28","date_gmt":"2019-06-08T10:38:28","guid":{"rendered":"http:\/\/www.drk-schwelm.org\/?p=10541"},"modified":"2019-06-17T12:41:09","modified_gmt":"2019-06-17T10:41:09","slug":"einsatzalarm-2","status":"publish","type":"post","link":"https:\/\/www.drk-schwelm.org\/?p=10541","title":{"rendered":"Einsatzalarm"},"content":{"rendered":"\n<p>Am 06.06.2019 waren wir erneut im Einsatz. Um 19.45 Uhr klingelten unsere Melder mit der Meldung \u201eMassenanfall von Verletzten &#8211; Geb\u00e4udebrand\u201c. Auf ennepetaler Stadtgebiet kam es zu einem Wohnungsbrand mit mehreren Betroffenen. Wir r\u00fcckten mit 5 Einsatzkr\u00e4ften und unserem Ger\u00e4tewagen Sanit\u00e4t aus und erreichten kurze Zeit sp\u00e4ter den Bereitstellungsraum. Da es zum Gl\u00fcck nicht zu viele und zu schwer verletzte Personen gab war die Ausr\u00fcstung und das Personal unseres Fahrzeuges nicht von N\u00f6ten. Somit k\u00f6nnten wir nach kurzer Zeit den Bereitstellungsraum verlassen und wieder einr\u00fccken. Auch wenn wir pers\u00f6nlich diesmal nicht ben\u00f6tigt wurden, so ist es dennoch wichtig das die Kreisleitstelle ausreichend Kr\u00e4fte alarmiert, da man zu Beginn nie wei\u00df was die Einsatzkr\u00e4fte erwartet und wie sich der Einsatzverlauf gestaltet.<\/p>\n\n\n\n<p>Euer DRK OV Schwelm&nbsp;\ud83d\ude0a<\/p>\n\n\n\n<ul class=\"wp-block-gallery columns-2 is-cropped wp-block-gallery-1 is-layout-flex wp-block-gallery-is-layout-flex\"><li class=\"blocks-gallery-item\"><figure><img loading=\"lazy\" decoding=\"async\" width=\"960\" height=\"720\" src=\"http:\/\/www.drk-schwelm.org\/wp-content\/uploads\/2019\/06\/61986606_2196994943712228_8923363378613714944_n.jpg\" alt=\"\" data-id=\"10542\" data-link=\"http:\/\/www.drk-schwelm.org\/?attachment_id=10542\" class=\"wp-image-10542\" srcset=\"https:\/\/www.drk-schwelm.org\/wp-content\/uploads\/2019\/06\/61986606_2196994943712228_8923363378613714944_n.jpg 960w, https:\/\/www.drk-schwelm.org\/wp-content\/uploads\/2019\/06\/61986606_2196994943712228_8923363378613714944_n-300x225.jpg 300w, https:\/\/www.drk-schwelm.org\/wp-content\/uploads\/2019\/06\/61986606_2196994943712228_8923363378613714944_n-768x576.jpg 768w, https:\/\/www.drk-schwelm.org\/wp-content\/uploads\/2019\/06\/61986606_2196994943712228_8923363378613714944_n-600x450.jpg 600w\" sizes=\"auto, (max-width: 960px) 100vw, 960px\" \/><\/figure><\/li><li class=\"blocks-gallery-item\"><figure><img loading=\"lazy\" decoding=\"async\" width=\"960\" height=\"720\" src=\"http:\/\/www.drk-schwelm.org\/wp-content\/uploads\/2019\/06\/62456191_2196994820378907_6883079846579142656_n.jpg\" alt=\"\" data-id=\"10543\" data-link=\"http:\/\/www.drk-schwelm.org\/?attachment_id=10543\" class=\"wp-image-10543\" srcset=\"https:\/\/www.drk-schwelm.org\/wp-content\/uploads\/2019\/06\/62456191_2196994820378907_6883079846579142656_n.jpg 960w, https:\/\/www.drk-schwelm.org\/wp-content\/uploads\/2019\/06\/62456191_2196994820378907_6883079846579142656_n-300x225.jpg 300w, https:\/\/www.drk-schwelm.org\/wp-content\/uploads\/2019\/06\/62456191_2196994820378907_6883079846579142656_n-768x576.jpg 768w, https:\/\/www.drk-schwelm.org\/wp-content\/uploads\/2019\/06\/62456191_2196994820378907_6883079846579142656_n-600x450.jpg 600w\" sizes=\"auto, (max-width: 960px) 100vw, 960px\" \/><\/figure><\/li><\/ul>\n","protected":false},"excerpt":{"rendered":"<p>Am 06.06.2019 waren wir erneut im Einsatz. Um 19.45 Uhr klingelten unsere Melder mit der Meldung \u201eMassenanfall von Verletzten &#8211;<\/p>\n","protected":false},"author":1,"featured_media":10544,"comment_status":"closed","ping_status":"open","sticky":false,"template":"","format":"standard","meta":{"footnotes":""},"categories":[1],"tags":[],"class_list":["post-10541","post","type-post","status-publish","format-standard","has-post-thumbnail","hentry","category-aktuelles","comments-off"],"_links":{"self":[{"href":"https:\/\/www.drk-schwelm.org\/index.php?rest_route=\/wp\/v2\/posts\/10541","targetHints":{"allow":["GET"]}}],"collection":[{"href":"https:\/\/www.drk-schwelm.org\/index.php?rest_route=\/wp\/v2\/posts"}],"about":[{"href":"https:\/\/www.drk-schwelm.org\/index.php?rest_route=\/wp\/v2\/types\/post"}],"author":[{"embeddable":true,"href":"https:\/\/www.drk-schwelm.org\/index.php?rest_route=\/wp\/v2\/users\/1"}],"replies":[{"embeddable":true,"href":"https:\/\/www.drk-schwelm.org\/index.php?rest_route=%2Fwp%2Fv2%2Fcomments&post=10541"}],"version-history":[{"count":1,"href":"https:\/\/www.drk-schwelm.org\/index.php?rest_route=\/wp\/v2\/posts\/10541\/revisions"}],"predecessor-version":[{"id":10545,"href":"https:\/\/www.drk-schwelm.org\/index.php?rest_route=\/wp\/v2\/posts\/10541\/revisions\/10545"}],"wp:featuredmedia":[{"embeddable":true,"href":"https:\/\/www.drk-schwelm.org\/index.php?rest_route=\/wp\/v2\/media\/10544"}],"wp:attachment":[{"href":"https:\/\/www.drk-schwelm.org\/index.php?rest_route=%2Fwp%2Fv2%2Fmedia&parent=10541"}],"wp:term":[{"taxonomy":"category","embeddable":true,"href":"https:\/\/www.drk-schwelm.org\/index.php?rest_route=%2Fwp%2Fv2%2Fcategories&post=10541"},{"taxonomy":"post_tag","embeddable":true,"href":"https:\/\/www.drk-schwelm.org\/index.php?rest_route=%2Fwp%2Fv2%2Ftags&post=10541"}],"curies":[{"name":"wp","href":"https:\/\/api.w.org\/{rel}","templated":true}]}}