{"id":10447,"date":"2019-05-15T12:51:10","date_gmt":"2019-05-15T10:51:10","guid":{"rendered":"http:\/\/www.drk-schwelm.org\/?p=10447"},"modified":"2019-05-15T12:51:40","modified_gmt":"2019-05-15T10:51:40","slug":"rettmobil-2019","status":"publish","type":"post","link":"https:\/\/www.drk-schwelm.org\/?p=10447","title":{"rendered":"RETTmobil 2019"},"content":{"rendered":"<p>Wie in den letzten Jahren sind wir auch dieses Jahr wieder bei der Rettungsmesse \u201eRettmobil\u201c in Fulda. Wir pr\u00e4sentieren hier unsere eigene Rettungsdienstschule das DRK Bildungsinstitut Schwelm. Kommt vorbei und informiert euch \u00fcber unsere Aus-, Fort- und Weiterbildungsm\u00f6glichkeiten. Ihr k\u00f6nnt bei uns am Stand auch unseren Rettungswagen Fahrsimulator ausprobieren auf dem wir das Fahren mit Sondersignal Schulen k\u00f6nnen.<\/p>\n<p>Wir hoffen ihr hattet einen sch\u00f6nen Start i<span class=\"text_exposed_show\">n die neue Woche&nbsp;<span class=\"_5mfr\"><span class=\"_6qdm\">\ud83d\ude0a<\/span><\/span><\/span><\/p>\n<div class=\"text_exposed_show\">\n<p>Euer DRK OV Schwelm<\/p>\n<\/div>\n\n\n<ul class=\"wp-block-gallery columns-2 is-cropped wp-block-gallery-1 is-layout-flex wp-block-gallery-is-layout-flex\"><li class=\"blocks-gallery-item\"><figure><img loading=\"lazy\" decoding=\"async\" width=\"960\" height=\"617\" src=\"http:\/\/www.drk-schwelm.org\/wp-content\/uploads\/2019\/05\/60184434_2155764847835238_3911048703510577152_n.jpg\" alt=\"\" data-id=\"10449\" data-link=\"http:\/\/www.drk-schwelm.org\/?attachment_id=10449\" class=\"wp-image-10449\" srcset=\"https:\/\/www.drk-schwelm.org\/wp-content\/uploads\/2019\/05\/60184434_2155764847835238_3911048703510577152_n.jpg 960w, https:\/\/www.drk-schwelm.org\/wp-content\/uploads\/2019\/05\/60184434_2155764847835238_3911048703510577152_n-300x193.jpg 300w, https:\/\/www.drk-schwelm.org\/wp-content\/uploads\/2019\/05\/60184434_2155764847835238_3911048703510577152_n-768x494.jpg 768w\" sizes=\"auto, (max-width: 960px) 100vw, 960px\" \/><\/figure><\/li><li class=\"blocks-gallery-item\"><figure><img loading=\"lazy\" decoding=\"async\" width=\"960\" height=\"546\" src=\"http:\/\/www.drk-schwelm.org\/wp-content\/uploads\/2019\/05\/60465745_2155764834501906_2100507065242877952_n.jpg\" alt=\"\" data-id=\"10450\" data-link=\"http:\/\/www.drk-schwelm.org\/?attachment_id=10450\" class=\"wp-image-10450\" srcset=\"https:\/\/www.drk-schwelm.org\/wp-content\/uploads\/2019\/05\/60465745_2155764834501906_2100507065242877952_n.jpg 960w, https:\/\/www.drk-schwelm.org\/wp-content\/uploads\/2019\/05\/60465745_2155764834501906_2100507065242877952_n-300x171.jpg 300w, https:\/\/www.drk-schwelm.org\/wp-content\/uploads\/2019\/05\/60465745_2155764834501906_2100507065242877952_n-768x437.jpg 768w\" sizes=\"auto, (max-width: 960px) 100vw, 960px\" \/><\/figure><\/li><\/ul>\n","protected":false},"excerpt":{"rendered":"<p>Wie in den letzten Jahren sind wir auch dieses Jahr wieder bei der Rettungsmesse \u201eRettmobil\u201c in Fulda. Wir pr\u00e4sentieren hier<\/p>\n","protected":false},"author":1,"featured_media":10448,"comment_status":"closed","ping_status":"open","sticky":false,"template":"","format":"standard","meta":{"footnotes":""},"categories":[1],"tags":[],"class_list":["post-10447","post","type-post","status-publish","format-standard","has-post-thumbnail","hentry","category-aktuelles","comments-off"],"_links":{"self":[{"href":"https:\/\/www.drk-schwelm.org\/index.php?rest_route=\/wp\/v2\/posts\/10447","targetHints":{"allow":["GET"]}}],"collection":[{"href":"https:\/\/www.drk-schwelm.org\/index.php?rest_route=\/wp\/v2\/posts"}],"about":[{"href":"https:\/\/www.drk-schwelm.org\/index.php?rest_route=\/wp\/v2\/types\/post"}],"author":[{"embeddable":true,"href":"https:\/\/www.drk-schwelm.org\/index.php?rest_route=\/wp\/v2\/users\/1"}],"replies":[{"embeddable":true,"href":"https:\/\/www.drk-schwelm.org\/index.php?rest_route=%2Fwp%2Fv2%2Fcomments&post=10447"}],"version-history":[{"count":1,"href":"https:\/\/www.drk-schwelm.org\/index.php?rest_route=\/wp\/v2\/posts\/10447\/revisions"}],"predecessor-version":[{"id":10451,"href":"https:\/\/www.drk-schwelm.org\/index.php?rest_route=\/wp\/v2\/posts\/10447\/revisions\/10451"}],"wp:featuredmedia":[{"embeddable":true,"href":"https:\/\/www.drk-schwelm.org\/index.php?rest_route=\/wp\/v2\/media\/10448"}],"wp:attachment":[{"href":"https:\/\/www.drk-schwelm.org\/index.php?rest_route=%2Fwp%2Fv2%2Fmedia&parent=10447"}],"wp:term":[{"taxonomy":"category","embeddable":true,"href":"https:\/\/www.drk-schwelm.org\/index.php?rest_route=%2Fwp%2Fv2%2Fcategories&post=10447"},{"taxonomy":"post_tag","embeddable":true,"href":"https:\/\/www.drk-schwelm.org\/index.php?rest_route=%2Fwp%2Fv2%2Ftags&post=10447"}],"curies":[{"name":"wp","href":"https:\/\/api.w.org\/{rel}","templated":true}]}}