{"id":10343,"date":"2019-04-18T12:39:17","date_gmt":"2019-04-18T12:39:17","guid":{"rendered":"http:\/\/enscheny-squad.de\/wp\/?p=10343"},"modified":"2019-05-05T13:44:32","modified_gmt":"2019-05-05T11:44:32","slug":"hochzeit-von-janine-und-sascha","status":"publish","type":"post","link":"https:\/\/www.drk-schwelm.org\/?p=10343","title":{"rendered":"Hochzeit von Janine und Sascha"},"content":{"rendered":"<p>Am Wochenende gab es f\u00fcr uns etwas zu feiern. Unsere Mitglieder&nbsp;<a class=\"profileLink\" href=\"https:\/\/www.facebook.com\/janine211?__tn__=K-R&amp;eid=ARBDrJqQlGiaWTtztJX0jlsRDi5cXuBxF60CeYDxSgtUDUwB3kZqxrb19qZ8_3VwvvfLQajszH_1-Fn1&amp;fref=mentions&amp;__xts__%5B0%5D=68.ARCoD8E7mKEdz0krTWmDvaSgrFL6nVb7Fr_BP0iunR7BvRa6y4HGJttD5PsEYZ_tat_yMO9CWW7sCrJRW5fBJETxaP_9ka2IGmXF1ZxHp3hp3a9Ngw3yUXK0Pqqj6KrK0jY2O5Hv51HSO-bXXyPJsR_ye_c_rrBRV9E3O9-W4V3YGjSojxEBWOiBxPQ0evIkOhYdxE_cuMA_QGHNuwqr5620LDLORr0BYnWP2o28rkdX6E-rh4KQbWwZoEhiDeTZTtT1qMAjQLVQI8ydfu2zGQgHRupshaXZzypTGROcx_foH0fGyAhaEBjibZ5PaHdbmaB3XStAif_2p5c08L9DOh3XLw\" data-hovercard=\"\/ajax\/hovercard\/user.php?id=100000693875689&amp;extragetparams=%7B%22__tn__%22%3A%22%2CdK-R-R%22%2C%22eid%22%3A%22ARBDrJqQlGiaWTtztJX0jlsRDi5cXuBxF60CeYDxSgtUDUwB3kZqxrb19qZ8_3VwvvfLQajszH_1-Fn1%22%2C%22fref%22%3A%22mentions%22%7D\" data-hovercard-prefer-more-content-show=\"1\">Janine<\/a>&nbsp;und Sascha haben geheiratet. Janine arbeitet seit mehreren Jahren bei uns im Rettungsdienst und ist auch ehrenamtliches Mitglied unseres Ortsvereins. Ihren ehemaligen Freund und jetzt Ehemann Sascha hat sie irgendwann mitgebracht weshalb auch er mittlerweile ein Mitglied von uns ist. Aus diesem Grund haben wir selbstverst\u00e4ndlich am vergangenen Samstag die Hochzeit der beiden begleitet. Wir w\u00fcnschen dem Brautpaar f\u00fcr die Zukunft alles erdenklich gute!&nbsp;<span class=\"_5mfr\"><span class=\"_6qdm\">\ud83d\ude0a<\/span><\/span><span class=\"_5mfr\"><span class=\"_6qdm\">\ud83c\udf89<\/span><\/span><\/p>\n<p>Euer DRK OV Schwelm<\/p>\n","protected":false},"excerpt":{"rendered":"<p>Am Wochenende gab es f\u00fcr uns etwas zu feiern. Unsere Mitglieder&nbsp;Janine&nbsp;und Sascha haben geheiratet. Janine arbeitet seit mehreren Jahren bei<\/p>\n","protected":false},"author":1,"featured_media":10344,"comment_status":"closed","ping_status":"closed","sticky":false,"template":"","format":"standard","meta":{"footnotes":""},"categories":[21],"tags":[],"class_list":["post-10343","post","type-post","status-publish","format-standard","has-post-thumbnail","hentry","category-uncategorized","comments-off"],"_links":{"self":[{"href":"https:\/\/www.drk-schwelm.org\/index.php?rest_route=\/wp\/v2\/posts\/10343","targetHints":{"allow":["GET"]}}],"collection":[{"href":"https:\/\/www.drk-schwelm.org\/index.php?rest_route=\/wp\/v2\/posts"}],"about":[{"href":"https:\/\/www.drk-schwelm.org\/index.php?rest_route=\/wp\/v2\/types\/post"}],"author":[{"embeddable":true,"href":"https:\/\/www.drk-schwelm.org\/index.php?rest_route=\/wp\/v2\/users\/1"}],"replies":[{"embeddable":true,"href":"https:\/\/www.drk-schwelm.org\/index.php?rest_route=%2Fwp%2Fv2%2Fcomments&post=10343"}],"version-history":[{"count":1,"href":"https:\/\/www.drk-schwelm.org\/index.php?rest_route=\/wp\/v2\/posts\/10343\/revisions"}],"predecessor-version":[{"id":10440,"href":"https:\/\/www.drk-schwelm.org\/index.php?rest_route=\/wp\/v2\/posts\/10343\/revisions\/10440"}],"wp:featuredmedia":[{"embeddable":true,"href":"https:\/\/www.drk-schwelm.org\/index.php?rest_route=\/wp\/v2\/media\/10344"}],"wp:attachment":[{"href":"https:\/\/www.drk-schwelm.org\/index.php?rest_route=%2Fwp%2Fv2%2Fmedia&parent=10343"}],"wp:term":[{"taxonomy":"category","embeddable":true,"href":"https:\/\/www.drk-schwelm.org\/index.php?rest_route=%2Fwp%2Fv2%2Fcategories&post=10343"},{"taxonomy":"post_tag","embeddable":true,"href":"https:\/\/www.drk-schwelm.org\/index.php?rest_route=%2Fwp%2Fv2%2Ftags&post=10343"}],"curies":[{"name":"wp","href":"https:\/\/api.w.org\/{rel}","templated":true}]}}